{"id":32255,"date":"2021-09-20T21:24:19","date_gmt":"2021-09-21T02:24:19","guid":{"rendered":"http:\/\/www.zonaroja.com.mx\/?p=32255"},"modified":"2021-09-20T21:24:23","modified_gmt":"2021-09-21T02:24:23","slug":"tlacolulokos-y-rolande-souliere-hermanan-a-oaxaca-y-canada-con-mural","status":"publish","type":"post","link":"https:\/\/zonaroja.com.mx\/?p=32255","title":{"rendered":"\u201cTlacolulokos\u201d y Rolande Souliere hermanan a Oaxaca y Canad\u00e1, con mural"},"content":{"rendered":"\n<p>Redacci\u00f3n\/Zona Roja.<\/p>\n\n\n\n<p>Oaxaca de Ju\u00e1rez, Oax., 20 de septiembre de 2021.- En el inicio de los Encuentros Ind\u00edgenas Canad\u00e1\u2013Oaxaca 2021, este lunes se inaugur\u00f3 en la capital del estado un mural que hermana al pa\u00eds de Norteam\u00e9rica y a la entidad.<\/p>\n\n\n\n<p>Fue elaborado por el colectivo de artistas urbanos denominado \u201cTlacolulokos\u201d y Rolande Souliere, del pueblo originario canadiense \u201cAnishinaabe\u201d y se ubica en la calle La Noche Triste del barrio de Jalatlaco, ciudad capital, en la parte posterior del templo de San Mat\u00edas.<\/p>\n\n\n\n<p>La obra art\u00edstica denominada \u201cNuestro sol se ha ido\u201d fue inaugurada por el embajador de Canad\u00e1 en M\u00e9xico, Graeme C. Clark, y funcionarios del Gobierno del Estado de Oaxaca.<\/p>\n\n\n\n<p>Adem\u00e1s, cont\u00f3 con la presencia del presidente del Comit\u00e9 de Vida Vecinal del barrio de Jalatlaco, Arnel Cruz Salazar; el propietario de la vivienda que alberga el mural, Juan Alejandro L\u00f3pez Soto y el artista Dario Can\u00fal, representante de \u201cTlacolulokos\u201d.<\/p>\n\n\n\n<figure class=\"wp-block-embed-twitter wp-block-embed is-type-rich is-provider-twitter\"><div class=\"wp-block-embed__wrapper\">\n<div class=\"twitter-tweet\"><blockquote class=\"twitter-tweet\" data-lang=\"es\"><p lang=\"es\" dir=\"ltr\">\ud83d\udc4f\ud83d\udc4f\ud83d\udc4f\ud83d\udc4f\ud83d\udc4f<br>As\u00ed qued\u00f3 el mural que hermana a Oaxaca y Canad\u00e1, \u201cNuestro sol se ha ido\u201d, elaborado por los artistas urbanos \u201cTlacolulokos\u201d y Rolande Souliere. <br>Se ubica en la calle La Noche Triste, Jalatlaco, ciudad de Oaxaca. <a href=\"https:\/\/twitter.com\/EmbCanMexico?ref_src=twsrc%5Etfw\">@EmbCanMexico<\/a>, <a href=\"https:\/\/twitter.com\/GClark_CA?ref_src=twsrc%5Etfw\">@GClark_CA<\/a> <a href=\"https:\/\/t.co\/uFLvAgg5mM\">pic.twitter.com\/uFLvAgg5mM<\/a><\/p>&mdash; Zona Roja Oaxaca (@Zona_Roja_Oax) <a href=\"https:\/\/twitter.com\/Zona_Roja_Oax\/status\/1440127105308639237?ref_src=twsrc%5Etfw\">21 de septiembre de 2021<\/a><\/blockquote><\/div>\n<\/div><\/figure>\n\n\n\n<p>Este colectivo de arte urbano de la regi\u00f3n Valles Centrales de Oaxaca est\u00e1 conformado por Dar\u00edo Canul (1984), Cosijoesa Cernas (1992) y Eleazar Machucho (1993), quienes trabajan desde el interior de la comunidad zapoteca de Tlacolula de Matamoro, generando una visi\u00f3n autocr\u00edtica de la identidad y la tradici\u00f3n.<\/p>\n\n\n\n<p>Su obra parte de una investigaci\u00f3n sobre la iconograf\u00eda de la violencia y la interacci\u00f3n entre el folclor, el turismo, la protesta social y la migraci\u00f3n.<\/p>\n\n\n\n<p>A finales de abril del 2019 se inaugur\u00f3 un trabajo en mural del fino arte de los \u201cTlacolulokos\u201d en Lille, Francia, como parte de la invitaci\u00f3n a la Bienal Internacional de Arte Mural (BIAM4) en su cuarta edici\u00f3n que se celebr\u00f3 del 8 de abril al 8 de junio de 2019.<\/p>\n\n\n\n<p>Por otra parte, la tarde de hoy, en el teatro \u201cMacedonio Alcal\u00e1\u201d, el gobernador Alejandro Murat Hinojosa y el embajador de Canad\u00e1 en M\u00e9xico, Graeme C. Clark, inauguraron los \u201cEncuentros Ind\u00edgenas Canad\u00e1-Oaxaca 2021\u201d, intercambio cultural y art\u00edstico que busca generar conversaci\u00f3n y cooperaci\u00f3n entre creadores y artistas ind\u00edgenas de ambos territorios.<\/p>\n","protected":false},"excerpt":{"rendered":"<p>Redacci\u00f3n\/Zona Roja. Oaxaca de Ju\u00e1rez, Oax., 20 de septiembre de 2021.- En el inicio de&hellip;<\/p>\n","protected":false},"author":2,"featured_media":32256,"comment_status":"closed","ping_status":"open","sticky":false,"template":"","format":"standard","meta":{"_lmt_disableupdate":"","_lmt_disable":"","_jetpack_memberships_contains_paid_content":false,"footnotes":""},"categories":[109,46],"tags":[],"class_list":["post-32255","post","type-post","status-publish","format-standard","has-post-thumbnail","hentry","category-minuto-a-minuto","category-zona-blanca"],"jetpack_featured_media_url":"https:\/\/zonaroja.com.mx\/wp-content\/uploads\/2021\/09\/Mural-Tlacolulokos-Jalatlaco.jpg","jetpack_sharing_enabled":true,"_links":{"self":[{"href":"https:\/\/zonaroja.com.mx\/index.php?rest_route=\/wp\/v2\/posts\/32255","targetHints":{"allow":["GET"]}}],"collection":[{"href":"https:\/\/zonaroja.com.mx\/index.php?rest_route=\/wp\/v2\/posts"}],"about":[{"href":"https:\/\/zonaroja.com.mx\/index.php?rest_route=\/wp\/v2\/types\/post"}],"author":[{"embeddable":true,"href":"https:\/\/zonaroja.com.mx\/index.php?rest_route=\/wp\/v2\/users\/2"}],"replies":[{"embeddable":true,"href":"https:\/\/zonaroja.com.mx\/index.php?rest_route=%2Fwp%2Fv2%2Fcomments&post=32255"}],"version-history":[{"count":1,"href":"https:\/\/zonaroja.com.mx\/index.php?rest_route=\/wp\/v2\/posts\/32255\/revisions"}],"predecessor-version":[{"id":32257,"href":"https:\/\/zonaroja.com.mx\/index.php?rest_route=\/wp\/v2\/posts\/32255\/revisions\/32257"}],"wp:featuredmedia":[{"embeddable":true,"href":"https:\/\/zonaroja.com.mx\/index.php?rest_route=\/wp\/v2\/media\/32256"}],"wp:attachment":[{"href":"https:\/\/zonaroja.com.mx\/index.php?rest_route=%2Fwp%2Fv2%2Fmedia&parent=32255"}],"wp:term":[{"taxonomy":"category","embeddable":true,"href":"https:\/\/zonaroja.com.mx\/index.php?rest_route=%2Fwp%2Fv2%2Fcategories&post=32255"},{"taxonomy":"post_tag","embeddable":true,"href":"https:\/\/zonaroja.com.mx\/index.php?rest_route=%2Fwp%2Fv2%2Ftags&post=32255"}],"curies":[{"name":"wp","href":"https:\/\/api.w.org\/{rel}","templated":true}]}}