{"id":3226,"date":"2019-08-20T14:39:27","date_gmt":"2019-08-20T19:39:27","guid":{"rendered":"http:\/\/www.zonaroja.com.mx\/?p=3226"},"modified":"2019-08-20T14:39:30","modified_gmt":"2019-08-20T19:39:30","slug":"inundan-lluvias-250-viviendas-y-una-escuela-en-el-istmo","status":"publish","type":"post","link":"https:\/\/zonaroja.com.mx\/?p=3226","title":{"rendered":"Inundan lluvias 250 viviendas y una escuela en el Istmo"},"content":{"rendered":"\n<p>Redacci\u00f3n\/Zona Roja.<\/p>\n\n\n\n<p>Oaxaca de Ju\u00e1rez, Oax., 20 de agosto de\n2019.- Las fuertes lluvias generadas desde ayer por la tarde en la regi\u00f3n del\nIstmo de Tehuantepec causaron inundaciones en al menos 250 viviendas, adem\u00e1s de\nun plantel del Colegio de Bachilleres de Oaxaca (Cobao).<\/p>\n\n\n\n<p>La Coordinaci\u00f3n Estatal de Protecci\u00f3n\nCivil de Oaxaca (CEPCO) inform\u00f3 que se mantiene activo el operativo en la zona y\nse activ\u00f3 el plan DN-III, en coordinaci\u00f3n con el 99 Batall\u00f3n de Infanter\u00eda de\nla Secretar\u00eda de la Defensa Nacional.<\/p>\n\n\n\n<p>En un comunicado, expuso que el nivel\ndel agua subi\u00f3 entre 15 y 20 cent\u00edmetros, que inund\u00f3 236 viviendas en el\nmunicipio de Mat\u00edas Romero Avenda\u00f1o.<\/p>\n\n\n\n<p>Las colonias de mayor afectaci\u00f3n son\nBarrio Ju\u00e1rez Norte, Barrio Ju\u00e1rez Sur, Barrio Nuevo, Colonia Oaxaque\u00f1a, Centro\nSur, Centro Norte, Hidalgo Sur, Hidalgo Norte y Robles Oriente.<\/p>\n\n\n\n<p>A trav\u00e9s de la Comisi\u00f3n Nacional del\nAgua (Conagua) y la CEPCO, se ha avanzado en un 40 por ciento en el desfogue y vaciado\nde encharcamientos, tanto en calles como en viviendas.<\/p>\n\n\n\n<p>Por otra parte, Protecci\u00f3n Civil\ndetall\u00f3 que en Santa Mar\u00eda Petapa 17 familias resultaron afectadas por ingreso\nde agua a sus viviendas.<\/p>\n\n\n\n<p>En este municipio se presentan deslaves\nen el punto conocido como Puente Arroyo Tigre, al igual que en Guivicia donde\nse presentan encharcamientos en el Cobao de la colonia el Baj\u00edo donde se han\nsuspendido las actividades escolares.<\/p>\n\n\n\n<p>Indic\u00f3 que las lluvias permanecer\u00e1n en\nterritorio oaxaque\u00f1o, producto de la zona de baja presi\u00f3n que incrementa a un\n80 por ciento de potencial para el desarrollo cicl\u00f3nico al sur de las Costas de\nOaxaca y Guerrero.<\/p>\n","protected":false},"excerpt":{"rendered":"<p>Redacci\u00f3n\/Zona Roja. Oaxaca de Ju\u00e1rez, Oax., 20 de agosto de 2019.- Las fuertes lluvias generadas&hellip;<\/p>\n","protected":false},"author":2,"featured_media":3227,"comment_status":"closed","ping_status":"open","sticky":false,"template":"","format":"standard","meta":{"_lmt_disableupdate":"","_lmt_disable":"","_jetpack_memberships_contains_paid_content":false,"footnotes":""},"categories":[109,47],"tags":[586,228],"class_list":["post-3226","post","type-post","status-publish","format-standard","has-post-thumbnail","hentry","category-minuto-a-minuto","category-zona-gris","tag-inundaciones","tag-matias-romero-avendano"],"jetpack_featured_media_url":"https:\/\/zonaroja.com.mx\/wp-content\/uploads\/2019\/08\/dacddcb0-c7dc-4744-9b8e-71dfe6958807.jpg","jetpack_sharing_enabled":true,"_links":{"self":[{"href":"https:\/\/zonaroja.com.mx\/index.php?rest_route=\/wp\/v2\/posts\/3226","targetHints":{"allow":["GET"]}}],"collection":[{"href":"https:\/\/zonaroja.com.mx\/index.php?rest_route=\/wp\/v2\/posts"}],"about":[{"href":"https:\/\/zonaroja.com.mx\/index.php?rest_route=\/wp\/v2\/types\/post"}],"author":[{"embeddable":true,"href":"https:\/\/zonaroja.com.mx\/index.php?rest_route=\/wp\/v2\/users\/2"}],"replies":[{"embeddable":true,"href":"https:\/\/zonaroja.com.mx\/index.php?rest_route=%2Fwp%2Fv2%2Fcomments&post=3226"}],"version-history":[{"count":1,"href":"https:\/\/zonaroja.com.mx\/index.php?rest_route=\/wp\/v2\/posts\/3226\/revisions"}],"predecessor-version":[{"id":3228,"href":"https:\/\/zonaroja.com.mx\/index.php?rest_route=\/wp\/v2\/posts\/3226\/revisions\/3228"}],"wp:featuredmedia":[{"embeddable":true,"href":"https:\/\/zonaroja.com.mx\/index.php?rest_route=\/wp\/v2\/media\/3227"}],"wp:attachment":[{"href":"https:\/\/zonaroja.com.mx\/index.php?rest_route=%2Fwp%2Fv2%2Fmedia&parent=3226"}],"wp:term":[{"taxonomy":"category","embeddable":true,"href":"https:\/\/zonaroja.com.mx\/index.php?rest_route=%2Fwp%2Fv2%2Fcategories&post=3226"},{"taxonomy":"post_tag","embeddable":true,"href":"https:\/\/zonaroja.com.mx\/index.php?rest_route=%2Fwp%2Fv2%2Ftags&post=3226"}],"curies":[{"name":"wp","href":"https:\/\/api.w.org\/{rel}","templated":true}]}}