{"id":32262,"date":"2021-09-21T08:00:51","date_gmt":"2021-09-21T13:00:51","guid":{"rendered":"http:\/\/www.zonaroja.com.mx\/?p=32262"},"modified":"2021-09-21T07:53:54","modified_gmt":"2021-09-21T12:53:54","slug":"ignoro-ddhpo-advertencia-de-edil-de-ayutla-comuna-exige-indagar-atentado","status":"publish","type":"post","link":"https:\/\/zonaroja.com.mx\/?p=32262","title":{"rendered":"Ignoraron advertencia de edil de Ayutla; Comuna exige indagar atentado"},"content":{"rendered":"\n<p>Redacci\u00f3n\/Zona Roja.<\/p>\n\n\n\n<p>Oaxaca de Ju\u00e1rez, Oax.., 21 de septiembre de 2021.- Desde el 5 de septiembre pasado, el edil de San Pedro y San Pablo Ayutla y dos autoridades m\u00e1s, ya hab\u00edan presentado una queja ante la Defensor\u00eda de los Derechos Humanos del Pueblo de Oaxaca, por amenazas y posibles agresiones en su contra.<\/p>\n\n\n\n<p>El d\u00eda 13 del mismo mes, el organismo respondi\u00f3 que requiri\u00f3 a la Polic\u00eda Estatal, dependiente de la Secretar\u00eda de Seguridad P\u00fablica, el patrullaje correspondiente; a la Fiscal\u00eda General del Estado, inicio de indagatorias. Pese a ello, la noche del lunes atentaron contra el edil Jes\u00fas Galv\u00e1n Rojas.<\/p>\n\n\n\n<p>Ante los hechos constitutivos de delitos, integrantes de la organizaci\u00f3n social Comuna Oaxaca, demandaron a los titulares de la Fiscal\u00eda General de la Rep\u00fablica (FGR), Alejandro Hertz Manero, y de la Fiscal\u00eda General del Estado, Arturo Peimbert Calvo, investigar y castigar a los responsables del atentado registrado este 19 de septiembre.<\/p>\n\n\n\n<p>Flavio Sosa Villavicencio, integrante del Comit\u00e9 Directivo, hizo un llamado urgente a las autoridades federales y estatales para que garanticen la seguridad del edil y las dem\u00e1s autoridades comunitarias, para protegerlos de quienes pareciera por intereses personales, se oponen a la soluci\u00f3n consensuada del conflicto con Tamazul\u00e1pam del Esp\u00edritu Santo.<\/p>\n\n\n\n<p>El activista se\u00f1al\u00f3 que \u201cNo hay camino para la paz, la paz es el camino\u2026\u201d, al tiempo de indicar que es esencial que se investigue de forma imparcial y eficaz este acto, dada la serie de amenazas que ha habido contra del mun\u00edcipe.<\/p>\n\n\n\n<p>Llam\u00f3 al titular de la Defensor\u00eda de los Derechos Humanos del Pueblo de Oaxaca (DDHPO), Bernardo Rodr\u00edguez Alamilla, se valoren las situaciones de riesgo existentes, y se incrementen las medidas cautelares a las autoridades comunitarias: Jes\u00fas Galv\u00e1n Rojas, Minerva Rodr\u00edguez Patricio, presidente municipal y presidenta suplente de San Pedro y San Pablo Ayutla Mixe.<\/p>\n\n\n\n<p>Explic\u00f3 que la v\u00edctima del atentado Jes\u00fas Galv\u00e1n, es uno de los ind\u00edgenas mixes que encabezan el proceso de di\u00e1logo con la comunidad de Tamazul\u00e1pam del Esp\u00edritu Santo, con quienes por d\u00e9cadas Ayutla mantiene un conflicto agrario, por l\u00edmites de tierras.<\/p>\n\n\n\n<p>Sosa Villavicencio, celebr\u00f3 el hecho de que gracias al di\u00e1logo entre ambas comunidades firmaron un acuerdo de paz en el que ponen fin al problema agrario. Sin embargo, dijo, las autoridades deben hacer valer la decisi\u00f3n de la asamblea comunitaria y coadyuvar en garantizar la seguridad en la zona, evitando situaciones como el atentado en contra del presidente municipal, que ponen en riesgo a la poblaci\u00f3n.<\/p>\n","protected":false},"excerpt":{"rendered":"<p>Redacci\u00f3n\/Zona Roja. Oaxaca de Ju\u00e1rez, Oax.., 21 de septiembre de 2021.- Desde el 5 de&hellip;<\/p>\n","protected":false},"author":2,"featured_media":18554,"comment_status":"closed","ping_status":"open","sticky":false,"template":"","format":"standard","meta":{"_lmt_disableupdate":"","_lmt_disable":"","_jetpack_memberships_contains_paid_content":false,"footnotes":""},"categories":[109,47],"tags":[501],"class_list":["post-32262","post","type-post","status-publish","format-standard","has-post-thumbnail","hentry","category-minuto-a-minuto","category-zona-gris","tag-san-pedro-y-san-pablo-ayutla-mixe"],"jetpack_featured_media_url":"https:\/\/zonaroja.com.mx\/wp-content\/uploads\/2020\/10\/Comuna-Oaxaca.jpeg","jetpack_sharing_enabled":true,"_links":{"self":[{"href":"https:\/\/zonaroja.com.mx\/index.php?rest_route=\/wp\/v2\/posts\/32262","targetHints":{"allow":["GET"]}}],"collection":[{"href":"https:\/\/zonaroja.com.mx\/index.php?rest_route=\/wp\/v2\/posts"}],"about":[{"href":"https:\/\/zonaroja.com.mx\/index.php?rest_route=\/wp\/v2\/types\/post"}],"author":[{"embeddable":true,"href":"https:\/\/zonaroja.com.mx\/index.php?rest_route=\/wp\/v2\/users\/2"}],"replies":[{"embeddable":true,"href":"https:\/\/zonaroja.com.mx\/index.php?rest_route=%2Fwp%2Fv2%2Fcomments&post=32262"}],"version-history":[{"count":2,"href":"https:\/\/zonaroja.com.mx\/index.php?rest_route=\/wp\/v2\/posts\/32262\/revisions"}],"predecessor-version":[{"id":32275,"href":"https:\/\/zonaroja.com.mx\/index.php?rest_route=\/wp\/v2\/posts\/32262\/revisions\/32275"}],"wp:featuredmedia":[{"embeddable":true,"href":"https:\/\/zonaroja.com.mx\/index.php?rest_route=\/wp\/v2\/media\/18554"}],"wp:attachment":[{"href":"https:\/\/zonaroja.com.mx\/index.php?rest_route=%2Fwp%2Fv2%2Fmedia&parent=32262"}],"wp:term":[{"taxonomy":"category","embeddable":true,"href":"https:\/\/zonaroja.com.mx\/index.php?rest_route=%2Fwp%2Fv2%2Fcategories&post=32262"},{"taxonomy":"post_tag","embeddable":true,"href":"https:\/\/zonaroja.com.mx\/index.php?rest_route=%2Fwp%2Fv2%2Ftags&post=32262"}],"curies":[{"name":"wp","href":"https:\/\/api.w.org\/{rel}","templated":true}]}}