{"id":32264,"date":"2021-09-20T22:26:09","date_gmt":"2021-09-21T03:26:09","guid":{"rendered":"http:\/\/www.zonaroja.com.mx\/?p=32264"},"modified":"2021-09-20T22:26:11","modified_gmt":"2021-09-21T03:26:11","slug":"por-negligencia-medica-de-los-sso-muere-mujer-y-su-bebe-en-hospital","status":"publish","type":"post","link":"https:\/\/zonaroja.com.mx\/?p=32264","title":{"rendered":"Por negligencia m\u00e9dica de los SSO, muere mujer y su beb\u00e9 en hospital"},"content":{"rendered":"\n<p>Redacci\u00f3n\/Estado 20.<\/p>\n\n\n\n<p>Oaxaca de Ju\u00e1rez, Oax., 20 de septiembre de 2021.- En Juchit\u00e1n, Oaxaca, un mujer de ocho meses de embarazo y que requer\u00eda ser intubada por estar contagiada de Covid-19, falleci\u00f3 ayer domingo por la tarde, al no ser atendida por falta de personal m\u00e9dico en hospitales p\u00fablicos, denunci\u00f3 el presidente municipal Emilio Montero.<\/p>\n\n\n\n<p>Tampoco se pudo salvar al beb\u00e9, luego de haber recorrido centros hospitalarios de Juchit\u00e1n, Ciudad Ixtepec y el de Especialidades a cargo del Insabi, en donde manifestaron no tener capacidad de atender este tipo de pacientes.<\/p>\n\n\n\n<p>Luego de 10 d\u00edas de espera y angustia para la familia, fue recibida en el Hospital General de Juchit\u00e1n, de ah\u00ed, y luego de hablar con el jefe de la Jurisdicci\u00f3n Sanitaria 02, Ignacio Z\u00e1rate Blas, se le canaliz\u00f3 al Hospital General de Ixtepec, donde fue intubada y se le dio respiraci\u00f3n manual, ya que no hab\u00eda ventilador y el ox\u00edgeno se estaba agotando.<\/p>\n\n\n\n<p>Finalmente, una cl\u00ednica privada de esta ciudad acept\u00f3 recibirla; desafortunadamente, falleci\u00f3 una hora despu\u00e9s de haber ingresado.<\/p>\n\n\n\n<p>A trav\u00e9s de un comunicado, el presidente Emilio Montero afirm\u00f3 que esta muerte es una lamentable consecuencia de la crisis laboral que atraviesan los Servicios de Salud en Oaxaca.<\/p>\n\n\n\n<p>\u201cLa falta de contrataci\u00f3n de casi tres mil m\u00e9dicos, enfermera y enfermeros, en el estado de Oaxaca, est\u00e1 comenzando a empeorar el dif\u00edcil panorama que se vive en la entidad a causa de los contagios por el coronavirus\u201d, dijo.<\/p>\n\n\n\n<p>El edil expres\u00f3 que tampoco se puede confiar en el anuncio de sem\u00e1foro amarillo epidemiol\u00f3gico para Oaxaca que decret\u00f3 el gobierno federal, porque existen municipios que se hallan en \u201cRojo\u201d, como es el caso de Juchit\u00e1n.<\/p>\n\n\n\n<p>\u201cSi bien estaban comenzando a descender las defunciones por el virus, la escasez de personal genera las condiciones para que las muertes aumenten\u201d, se\u00f1al\u00f3.<\/p>\n\n\n\n<p>Emilio Montero sostuvo que este municipio de Oaxaca ubicado en la regi\u00f3n del Istmo de Tehuantepec, se encuentra en un estado con crisis de atenci\u00f3n y observ\u00f3 que la lucha del personal no contratado es v\u00e1lida y justa; pero recalc\u00f3 que se le debe dar una salida r\u00e1pida, para evitar m\u00e1s muertes por esta situaci\u00f3n<\/p>\n\n\n\n<p>En su comunicado inst\u00f3 a las instancias federales y estatales a trazar una ruta hacia la pronta soluci\u00f3n.<\/p>\n\n\n\n<p>\u201cEn los tiempos actuales de la Cuarta Transformaci\u00f3n, debemos entender que todo esfuerzo institucional debe estar dirigido al beneficio de la poblaci\u00f3n y no en su perjuicio\u201d, dijo.<\/p>\n","protected":false},"excerpt":{"rendered":"<p>Redacci\u00f3n\/Estado 20. Oaxaca de Ju\u00e1rez, Oax., 20 de septiembre de 2021.- En Juchit\u00e1n, Oaxaca, un&hellip;<\/p>\n","protected":false},"author":2,"featured_media":18324,"comment_status":"closed","ping_status":"open","sticky":false,"template":"","format":"standard","meta":{"_lmt_disableupdate":"","_lmt_disable":"","_jetpack_memberships_contains_paid_content":false,"footnotes":""},"categories":[109,47],"tags":[123],"class_list":["post-32264","post","type-post","status-publish","format-standard","has-post-thumbnail","hentry","category-minuto-a-minuto","category-zona-gris","tag-juchitan-de-zaragoza"],"jetpack_featured_media_url":"https:\/\/zonaroja.com.mx\/wp-content\/uploads\/2020\/10\/Hospital-Juchitan-2.jpg","jetpack_sharing_enabled":true,"_links":{"self":[{"href":"https:\/\/zonaroja.com.mx\/index.php?rest_route=\/wp\/v2\/posts\/32264","targetHints":{"allow":["GET"]}}],"collection":[{"href":"https:\/\/zonaroja.com.mx\/index.php?rest_route=\/wp\/v2\/posts"}],"about":[{"href":"https:\/\/zonaroja.com.mx\/index.php?rest_route=\/wp\/v2\/types\/post"}],"author":[{"embeddable":true,"href":"https:\/\/zonaroja.com.mx\/index.php?rest_route=\/wp\/v2\/users\/2"}],"replies":[{"embeddable":true,"href":"https:\/\/zonaroja.com.mx\/index.php?rest_route=%2Fwp%2Fv2%2Fcomments&post=32264"}],"version-history":[{"count":1,"href":"https:\/\/zonaroja.com.mx\/index.php?rest_route=\/wp\/v2\/posts\/32264\/revisions"}],"predecessor-version":[{"id":32265,"href":"https:\/\/zonaroja.com.mx\/index.php?rest_route=\/wp\/v2\/posts\/32264\/revisions\/32265"}],"wp:featuredmedia":[{"embeddable":true,"href":"https:\/\/zonaroja.com.mx\/index.php?rest_route=\/wp\/v2\/media\/18324"}],"wp:attachment":[{"href":"https:\/\/zonaroja.com.mx\/index.php?rest_route=%2Fwp%2Fv2%2Fmedia&parent=32264"}],"wp:term":[{"taxonomy":"category","embeddable":true,"href":"https:\/\/zonaroja.com.mx\/index.php?rest_route=%2Fwp%2Fv2%2Fcategories&post=32264"},{"taxonomy":"post_tag","embeddable":true,"href":"https:\/\/zonaroja.com.mx\/index.php?rest_route=%2Fwp%2Fv2%2Ftags&post=32264"}],"curies":[{"name":"wp","href":"https:\/\/api.w.org\/{rel}","templated":true}]}}