{"id":32266,"date":"2021-09-20T22:33:33","date_gmt":"2021-09-21T03:33:33","guid":{"rendered":"http:\/\/www.zonaroja.com.mx\/?p=32266"},"modified":"2021-09-20T22:33:35","modified_gmt":"2021-09-21T03:33:35","slug":"ejecutan-a-mototaxista-en-juchitan-oaxaca","status":"publish","type":"post","link":"https:\/\/zonaroja.com.mx\/?p=32266","title":{"rendered":"Ejecutan a mototaxista en Juchit\u00e1n, Oaxaca"},"content":{"rendered":"\n<p>Redacci\u00f3n\/Zona Roja. Foto: 50 Bravo<\/p>\n\n\n\n<p>Oaxaca de Ju\u00e1rez, Oax., 20 de septiembre de 2021.- Un mototaxista fue ejecutado a balazos esta noche a bordo de su unidad de motor, en el municipio de Juchit\u00e1n de Zaragoza, Oaxaca.<\/p>\n\n\n\n<p>El crimen se perpetr\u00f3 en la calle Constituci\u00f3n y callej\u00f3n El Encanto, de la S\u00e9ptima Secci\u00f3n, donde sujetos desconocidos dieron muerte al individuo, hasta ahora no identificado de manera legal.<\/p>\n\n\n\n<p>El cuerpo de la v\u00edctima se hall\u00f3 a un costado del mototaxi, de la organizaci\u00f3n AMO, con n\u00famero econ\u00f3mico MT-0062.<\/p>\n\n\n\n<p>Personal de la Vicefiscal\u00eda Regional del Istmo inici\u00f3 las indagatorias correspondientes. En tanto, elementos de la Polic\u00eda Municipal llegaron tarde al lugar de los hechos y aunque realizaron patrullajes de b\u00fasqueda, no han dado con el o los responsables del asesinato.<\/p>\n","protected":false},"excerpt":{"rendered":"<p>Redacci\u00f3n\/Zona Roja. Foto: 50 Bravo Oaxaca de Ju\u00e1rez, Oax., 20 de septiembre de 2021.- Un&hellip;<\/p>\n","protected":false},"author":2,"featured_media":32267,"comment_status":"closed","ping_status":"open","sticky":false,"template":"","format":"standard","meta":{"_lmt_disableupdate":"","_lmt_disable":"","_jetpack_memberships_contains_paid_content":false,"footnotes":""},"categories":[109,47],"tags":[123],"class_list":["post-32266","post","type-post","status-publish","format-standard","has-post-thumbnail","hentry","category-minuto-a-minuto","category-zona-gris","tag-juchitan-de-zaragoza"],"jetpack_featured_media_url":"https:\/\/zonaroja.com.mx\/wp-content\/uploads\/2021\/09\/Mototaxista-ejecutado-Juchitan.jpg","jetpack_sharing_enabled":true,"_links":{"self":[{"href":"https:\/\/zonaroja.com.mx\/index.php?rest_route=\/wp\/v2\/posts\/32266","targetHints":{"allow":["GET"]}}],"collection":[{"href":"https:\/\/zonaroja.com.mx\/index.php?rest_route=\/wp\/v2\/posts"}],"about":[{"href":"https:\/\/zonaroja.com.mx\/index.php?rest_route=\/wp\/v2\/types\/post"}],"author":[{"embeddable":true,"href":"https:\/\/zonaroja.com.mx\/index.php?rest_route=\/wp\/v2\/users\/2"}],"replies":[{"embeddable":true,"href":"https:\/\/zonaroja.com.mx\/index.php?rest_route=%2Fwp%2Fv2%2Fcomments&post=32266"}],"version-history":[{"count":1,"href":"https:\/\/zonaroja.com.mx\/index.php?rest_route=\/wp\/v2\/posts\/32266\/revisions"}],"predecessor-version":[{"id":32268,"href":"https:\/\/zonaroja.com.mx\/index.php?rest_route=\/wp\/v2\/posts\/32266\/revisions\/32268"}],"wp:featuredmedia":[{"embeddable":true,"href":"https:\/\/zonaroja.com.mx\/index.php?rest_route=\/wp\/v2\/media\/32267"}],"wp:attachment":[{"href":"https:\/\/zonaroja.com.mx\/index.php?rest_route=%2Fwp%2Fv2%2Fmedia&parent=32266"}],"wp:term":[{"taxonomy":"category","embeddable":true,"href":"https:\/\/zonaroja.com.mx\/index.php?rest_route=%2Fwp%2Fv2%2Fcategories&post=32266"},{"taxonomy":"post_tag","embeddable":true,"href":"https:\/\/zonaroja.com.mx\/index.php?rest_route=%2Fwp%2Fv2%2Ftags&post=32266"}],"curies":[{"name":"wp","href":"https:\/\/api.w.org\/{rel}","templated":true}]}}