{"id":32269,"date":"2021-09-21T07:40:05","date_gmt":"2021-09-21T12:40:05","guid":{"rendered":"http:\/\/www.zonaroja.com.mx\/?p=32269"},"modified":"2021-09-21T07:40:08","modified_gmt":"2021-09-21T12:40:08","slug":"muere-segundo-bebe-en-oaxaca-por-probable-negligencia-medica","status":"publish","type":"post","link":"https:\/\/zonaroja.com.mx\/?p=32269","title":{"rendered":"Muere segundo beb\u00e9 en Oaxaca por probable negligencia m\u00e9dica"},"content":{"rendered":"\n<p>Redacci\u00f3n\/Zona Roja.<\/p>\n\n\n\n<p>Oaxaca de Ju\u00e1rez, Oax., 21 de septiembre de 2021.- Un segundo beb\u00e9 muri\u00f3 en menos de 24 horas en Oaxaca, por probable negligencia m\u00e9dica.<\/p>\n\n\n\n<p>El pasado domingo, a trav\u00e9s de un video, los padres Eugenia Leandro Castelar y Mario Mart\u00ednez Cort\u00e9s, denunciaron las complicaciones para atender un beb\u00e9 por parto prematuro, en el IMSS del municipio de Mat\u00edas Romero Avenda\u00f1o.<\/p>\n\n\n\n<p>La reci\u00e9n nacida finalmente falleci\u00f3 ayer y la delegaci\u00f3n del Instituto Mexicano del Seguro Social culp\u00f3 a los Servicios de Salud por no poder recibir a la menor de edad, debido a los conflictos con los trabajadores.<\/p>\n\n\n\n<p>\u201cYo le pido a familiares y amigos que por favor me ayuden a compartir este video, necesito ayuda porque mi beb\u00e9 est\u00e1 muy delicada de salud y requiere de cuidados intensivos en un hospital especializado\u201d, indic\u00f3 ayer la madre de familia.&nbsp;&nbsp;<\/p>\n\n\n\n<p>\u201cHemos solicitado el traslado inmediato a la ciudad de Oaxaca y la \u00fanica respuesta que hemos tenido es que el gobierno estatal tiene problemas con el Hospital de la Ni\u00f1ez por lo cual no ha sido aceptada mi peque\u00f1ita\u201d, indic\u00f3 en el video.&nbsp;<\/p>\n\n\n\n<p>Este lunes por la noche, la delegaci\u00f3n del IMSS emiti\u00f3 un comunicado, en que se limit\u00f3 a argumentar que brind\u00f3 los cuidados necesarios en la cl\u00ednica rural.<\/p>\n\n\n\n<figure class=\"wp-block-image size-large\"><img decoding=\"async\" width=\"688\" height=\"1024\" src=\"http:\/\/www.zonaroja.com.mx\/wp-content\/uploads\/2021\/09\/Comunicado-IMSS-688x1024.jpg\" alt=\"\" class=\"wp-image-32270\" srcset=\"https:\/\/zonaroja.com.mx\/wp-content\/uploads\/2021\/09\/Comunicado-IMSS-688x1024.jpg 688w, https:\/\/zonaroja.com.mx\/wp-content\/uploads\/2021\/09\/Comunicado-IMSS-202x300.jpg 202w, https:\/\/zonaroja.com.mx\/wp-content\/uploads\/2021\/09\/Comunicado-IMSS-768x1143.jpg 768w, https:\/\/zonaroja.com.mx\/wp-content\/uploads\/2021\/09\/Comunicado-IMSS-585x871.jpg 585w, https:\/\/zonaroja.com.mx\/wp-content\/uploads\/2021\/09\/Comunicado-IMSS.jpg 860w\" sizes=\"(max-width: 688px) 100vw, 688px\" \/><\/figure>\n\n\n\n<p>\u201cLa informaci\u00f3n refiere a una ni\u00f1a de 12 d\u00edas de vida, nacida por ces\u00e1rea, la cual se efectu\u00f3 de manera urgente en el Hospital Rural de Mat\u00edas Romero a las 31 semanas de gestaci\u00f3n, derivado de elevaci\u00f3n de la presi\u00f3n arterial en la madre, que pon\u00eda en riesgo la vida de ambas.<\/p>\n\n\n\n<p>\u201cDebido a la prematurez, se inform\u00f3 a los padres la necesidad de trasladarla a una unidad de cuidados intensivos neonatales, para manejo especializado, mismo que se gestion\u00f3 desde el nacimiento sin \u00e9xito, ya que los hospitales en la ciudad de Oaxaca no contaron con disponibilidad\u201d.<\/p>\n\n\n\n<p>\u201cDesde la recepci\u00f3n de la paciente en el Hospital Rural de Mat\u00edas Romero, se brind\u00f3 toda la atenci\u00f3n, tanto a la madre como a la menor. Lamentablemente el d\u00eda de hoy (ayer), la reci\u00e9n nacida, falleci\u00f3 por complicaciones derivadas de su prematurez, expuso en su comunicado.<\/p>\n\n\n\n<p>Los Servicios de Salud de Oaxaca (SSO) no han emitido informaci\u00f3n al respecto.<\/p>\n\n\n\n<p>Cabe mencionar que ayer, el edil de Juchit\u00e1n de Zaragoza, el ex morenista Emilio Monterio P\u00e9rez, denunci\u00f3 que una madre de familia y su menor murieron en el hospital \u201cDr. Macedonio Ben\u00edtez Fuentes\u201d, tras recorrer varios nosocomios, sin recibir atenci\u00f3n m\u00e9dica.<\/p>\n","protected":false},"excerpt":{"rendered":"<p>Redacci\u00f3n\/Zona Roja. Oaxaca de Ju\u00e1rez, Oax., 21 de septiembre de 2021.- Un segundo beb\u00e9 muri\u00f3&hellip;<\/p>\n","protected":false},"author":2,"featured_media":32236,"comment_status":"closed","ping_status":"open","sticky":false,"template":"","format":"standard","meta":{"_lmt_disableupdate":"","_lmt_disable":"","_jetpack_memberships_contains_paid_content":false,"footnotes":""},"categories":[109,47],"tags":[1261,1005],"class_list":["post-32269","post","type-post","status-publish","format-standard","has-post-thumbnail","hentry","category-minuto-a-minuto","category-zona-gris","tag-delegacion-del-imss-oaxaca","tag-servicios-de-salud-de-oaxaca-sso"],"jetpack_featured_media_url":"https:\/\/zonaroja.com.mx\/wp-content\/uploads\/2021\/09\/protesta-Matias-Romero.jpg","jetpack_sharing_enabled":true,"_links":{"self":[{"href":"https:\/\/zonaroja.com.mx\/index.php?rest_route=\/wp\/v2\/posts\/32269","targetHints":{"allow":["GET"]}}],"collection":[{"href":"https:\/\/zonaroja.com.mx\/index.php?rest_route=\/wp\/v2\/posts"}],"about":[{"href":"https:\/\/zonaroja.com.mx\/index.php?rest_route=\/wp\/v2\/types\/post"}],"author":[{"embeddable":true,"href":"https:\/\/zonaroja.com.mx\/index.php?rest_route=\/wp\/v2\/users\/2"}],"replies":[{"embeddable":true,"href":"https:\/\/zonaroja.com.mx\/index.php?rest_route=%2Fwp%2Fv2%2Fcomments&post=32269"}],"version-history":[{"count":1,"href":"https:\/\/zonaroja.com.mx\/index.php?rest_route=\/wp\/v2\/posts\/32269\/revisions"}],"predecessor-version":[{"id":32271,"href":"https:\/\/zonaroja.com.mx\/index.php?rest_route=\/wp\/v2\/posts\/32269\/revisions\/32271"}],"wp:featuredmedia":[{"embeddable":true,"href":"https:\/\/zonaroja.com.mx\/index.php?rest_route=\/wp\/v2\/media\/32236"}],"wp:attachment":[{"href":"https:\/\/zonaroja.com.mx\/index.php?rest_route=%2Fwp%2Fv2%2Fmedia&parent=32269"}],"wp:term":[{"taxonomy":"category","embeddable":true,"href":"https:\/\/zonaroja.com.mx\/index.php?rest_route=%2Fwp%2Fv2%2Fcategories&post=32269"},{"taxonomy":"post_tag","embeddable":true,"href":"https:\/\/zonaroja.com.mx\/index.php?rest_route=%2Fwp%2Fv2%2Ftags&post=32269"}],"curies":[{"name":"wp","href":"https:\/\/api.w.org\/{rel}","templated":true}]}}