{"id":32276,"date":"2021-09-21T08:11:14","date_gmt":"2021-09-21T13:11:14","guid":{"rendered":"http:\/\/www.zonaroja.com.mx\/?p=32276"},"modified":"2021-09-21T08:11:18","modified_gmt":"2021-09-21T13:11:18","slug":"tendra-oaxaca-y-zona-metropolitana-15-km-de-ciclovias","status":"publish","type":"post","link":"https:\/\/zonaroja.com.mx\/?p=32276","title":{"rendered":"Tendr\u00e1 Oaxaca y zona metropolitana 15 km de ciclov\u00edas"},"content":{"rendered":"\n<p>Redacci\u00f3n\/Zona Roja.<\/p>\n\n\n\n<p>Oaxaca de Ju\u00e1rez, Oax., 21 de septiembre de 2021.- El Gobierno del Estado a trav\u00e9s de la Secretar\u00eda de Movilidad (Semovi), inici\u00f3 los trabajos de implementaci\u00f3n de la Biciruta en la Zona Metropolitana de Oaxaca.<\/p>\n\n\n\n<p>Ser\u00e1 un total de 15.17 kil\u00f3metros de infraestructura ciclista que conectar\u00e1n el norte de la capital oaxaque\u00f1a con el municipio de Santa Lucia del Camino.<\/p>\n\n\n\n<p>El proyecto contempla la implementaci\u00f3n de 13.41 kil\u00f3metros de infraestructura nueva y la rehabilitaci\u00f3n de 1.76 kil\u00f3metros existentes.<\/p>\n\n\n\n<p>Como parte de los beneficios que traer\u00e1 la Biciruta, es que facilitar\u00e1 el tr\u00e1nsito en bici en la zona centro de la capital, un \u00e1rea con alta densidad de vivienda, zonas escolares, comerciales y laborales.<\/p>\n\n\n\n<p>El secretario de Movilidad, Arturo L\u00f3pez Sorroza, indic\u00f3 que la implementaci\u00f3n de este proyecto constituye un primer avance en cuanto a las pol\u00edticas p\u00fablicas estatales que promueven e impulsan la movilidad sustentable, cumpliendo as\u00ed con la Ley de Movilidad donde se establece la pir\u00e1mide de la movilidad que prioriza a las personas que caminan y que se mueven en bicicleta.<\/p>\n\n\n\n<p>El proyecto cont\u00f3 con la asistencia t\u00e9cnica por parte de la Secretar\u00eda de Desarrollo Agrario, Territorial y Urbano (Sedatu).<\/p>\n\n\n\n<p>Adem\u00e1s, explic\u00f3 que como parte de un ejercicio de gobierno participativo, la Semovi cont\u00f3 con el acompa\u00f1amiento y asesor\u00eda de grupos de la sociedad civil a trav\u00e9s de diversos colectivos ciclistas, asociaciones de urbanistas, cuerpos t\u00e9cnicos y acad\u00e9micos involucrados en el tema; as\u00ed como organismos especializados en materia de seguridad vial.<\/p>\n","protected":false},"excerpt":{"rendered":"<p>Redacci\u00f3n\/Zona Roja. Oaxaca de Ju\u00e1rez, Oax., 21 de septiembre de 2021.- El Gobierno del Estado&hellip;<\/p>\n","protected":false},"author":2,"featured_media":32277,"comment_status":"closed","ping_status":"open","sticky":false,"template":"","format":"standard","meta":{"_lmt_disableupdate":"","_lmt_disable":"","_jetpack_memberships_contains_paid_content":false,"footnotes":""},"categories":[109,46],"tags":[2484],"class_list":["post-32276","post","type-post","status-publish","format-standard","has-post-thumbnail","hentry","category-minuto-a-minuto","category-zona-blanca","tag-secretaria-de-movilidad-semovi"],"jetpack_featured_media_url":"https:\/\/zonaroja.com.mx\/wp-content\/uploads\/2021\/09\/Semovi-ciclovias-Oaxaca.jpg","jetpack_sharing_enabled":true,"_links":{"self":[{"href":"https:\/\/zonaroja.com.mx\/index.php?rest_route=\/wp\/v2\/posts\/32276","targetHints":{"allow":["GET"]}}],"collection":[{"href":"https:\/\/zonaroja.com.mx\/index.php?rest_route=\/wp\/v2\/posts"}],"about":[{"href":"https:\/\/zonaroja.com.mx\/index.php?rest_route=\/wp\/v2\/types\/post"}],"author":[{"embeddable":true,"href":"https:\/\/zonaroja.com.mx\/index.php?rest_route=\/wp\/v2\/users\/2"}],"replies":[{"embeddable":true,"href":"https:\/\/zonaroja.com.mx\/index.php?rest_route=%2Fwp%2Fv2%2Fcomments&post=32276"}],"version-history":[{"count":1,"href":"https:\/\/zonaroja.com.mx\/index.php?rest_route=\/wp\/v2\/posts\/32276\/revisions"}],"predecessor-version":[{"id":32278,"href":"https:\/\/zonaroja.com.mx\/index.php?rest_route=\/wp\/v2\/posts\/32276\/revisions\/32278"}],"wp:featuredmedia":[{"embeddable":true,"href":"https:\/\/zonaroja.com.mx\/index.php?rest_route=\/wp\/v2\/media\/32277"}],"wp:attachment":[{"href":"https:\/\/zonaroja.com.mx\/index.php?rest_route=%2Fwp%2Fv2%2Fmedia&parent=32276"}],"wp:term":[{"taxonomy":"category","embeddable":true,"href":"https:\/\/zonaroja.com.mx\/index.php?rest_route=%2Fwp%2Fv2%2Fcategories&post=32276"},{"taxonomy":"post_tag","embeddable":true,"href":"https:\/\/zonaroja.com.mx\/index.php?rest_route=%2Fwp%2Fv2%2Ftags&post=32276"}],"curies":[{"name":"wp","href":"https:\/\/api.w.org\/{rel}","templated":true}]}}