{"id":32279,"date":"2021-09-21T08:24:35","date_gmt":"2021-09-21T13:24:35","guid":{"rendered":"http:\/\/www.zonaroja.com.mx\/?p=32279"},"modified":"2021-09-21T09:13:53","modified_gmt":"2021-09-21T14:13:53","slug":"gobierno-quito-dinero-a-otro-sindicato-paran-labores-hoy","status":"publish","type":"post","link":"https:\/\/zonaroja.com.mx\/?p=32279","title":{"rendered":"Gobierno quit\u00f3 dinero a otro sindicato; paran labores hoy"},"content":{"rendered":"\n<p>Redacci\u00f3n\/Zona Roja.<\/p>\n\n\n\n<p>Oaxaca de Ju\u00e1rez, Oax., 21 de septiembre de 2021.- El Instituto de Estudios de Bachillerato de Oaxaca (IEBO) ha quitado dinero de impuestos de manera ilegal a trabajadores sindicalizados y no lo quiere devolver.<\/p>\n\n\n\n<p>Por ese y otros incumplimientos, afiliados al Sindicato \u00danico de Trabajadores del IEBO paran labores a partir de este martes.<\/p>\n\n\n\n<p>En un comunicado, informaron que ayer concluy\u00f3 la mesa de trabajo con las autoridades, que encabeza Alejandro Aroche Tarasco, para indagar el origen de esas retenciones.<\/p>\n\n\n\n<p>\u201cLos directivos del IEBO no presentaron ninguna evidencia documental de car\u00e1cter fiscal o lega que soporte las acciones tomadas en perjuicio de las percepciones de los trabajadores\u201d, difundi\u00f3 el gremio en un comunicado.<\/p>\n\n\n\n<p>Adem\u00e1s, tampoco presentaron alternativas de soluci\u00f3n al conflicto; desconocen el origen y alcance de los convenios suscritos el 23 y 28 de febrero de 2012, en que el IEBO y el Sindicato pactaron exentar de impuestos a los conceptos Despensa y Actividades Culturales y Deportivas.<\/p>\n\n\n\n<p>Ante ello, determinaron parar labores a partir de este d\u00eda, con una concentraci\u00f3n en el z\u00f3calo de la ciudad de Oaxaca.<\/p>\n\n\n\n<p>Por otra parte, por segundo d\u00eda de esta semana, afiliados al STEUABJO realizan protestas, para exigir al Gobierno del Estado la entrega de un bono, a pesar de que la mayor\u00eda de ellos no est\u00e1 acudiendo a sus centros de trabajo por la pandemia de Covid-19.<\/p>\n","protected":false},"excerpt":{"rendered":"<p>Redacci\u00f3n\/Zona Roja. Oaxaca de Ju\u00e1rez, Oax., 21 de septiembre de 2021.- El Instituto de Estudios&hellip;<\/p>\n","protected":false},"author":2,"featured_media":32281,"comment_status":"closed","ping_status":"open","sticky":false,"template":"","format":"standard","meta":{"_lmt_disableupdate":"","_lmt_disable":"","_jetpack_memberships_contains_paid_content":false,"footnotes":""},"categories":[109,47],"tags":[2896],"class_list":["post-32279","post","type-post","status-publish","format-standard","has-post-thumbnail","hentry","category-minuto-a-minuto","category-zona-gris","tag-instituto-de-estudios-de-bachillerato-iebo"],"jetpack_featured_media_url":"https:\/\/zonaroja.com.mx\/wp-content\/uploads\/2021\/09\/c3ee2b41-6596-4eb1-86db-14104a5f3724.jpg","jetpack_sharing_enabled":true,"_links":{"self":[{"href":"https:\/\/zonaroja.com.mx\/index.php?rest_route=\/wp\/v2\/posts\/32279","targetHints":{"allow":["GET"]}}],"collection":[{"href":"https:\/\/zonaroja.com.mx\/index.php?rest_route=\/wp\/v2\/posts"}],"about":[{"href":"https:\/\/zonaroja.com.mx\/index.php?rest_route=\/wp\/v2\/types\/post"}],"author":[{"embeddable":true,"href":"https:\/\/zonaroja.com.mx\/index.php?rest_route=\/wp\/v2\/users\/2"}],"replies":[{"embeddable":true,"href":"https:\/\/zonaroja.com.mx\/index.php?rest_route=%2Fwp%2Fv2%2Fcomments&post=32279"}],"version-history":[{"count":1,"href":"https:\/\/zonaroja.com.mx\/index.php?rest_route=\/wp\/v2\/posts\/32279\/revisions"}],"predecessor-version":[{"id":32280,"href":"https:\/\/zonaroja.com.mx\/index.php?rest_route=\/wp\/v2\/posts\/32279\/revisions\/32280"}],"wp:featuredmedia":[{"embeddable":true,"href":"https:\/\/zonaroja.com.mx\/index.php?rest_route=\/wp\/v2\/media\/32281"}],"wp:attachment":[{"href":"https:\/\/zonaroja.com.mx\/index.php?rest_route=%2Fwp%2Fv2%2Fmedia&parent=32279"}],"wp:term":[{"taxonomy":"category","embeddable":true,"href":"https:\/\/zonaroja.com.mx\/index.php?rest_route=%2Fwp%2Fv2%2Fcategories&post=32279"},{"taxonomy":"post_tag","embeddable":true,"href":"https:\/\/zonaroja.com.mx\/index.php?rest_route=%2Fwp%2Fv2%2Ftags&post=32279"}],"curies":[{"name":"wp","href":"https:\/\/api.w.org\/{rel}","templated":true}]}}