{"id":32282,"date":"2021-09-21T10:16:10","date_gmt":"2021-09-21T15:16:10","guid":{"rendered":"http:\/\/www.zonaroja.com.mx\/?p=32282"},"modified":"2021-09-21T10:16:14","modified_gmt":"2021-09-21T15:16:14","slug":"impune-crimen-de-magistrado-de-oaxaca-ya-habia-recibido-amenazas","status":"publish","type":"post","link":"https:\/\/zonaroja.com.mx\/?p=32282","title":{"rendered":"Impune, crimen de magistrado de Oaxaca; ya hab\u00eda recibido amenazas"},"content":{"rendered":"\n<p>Redaci\u00f3n\/Zona Roja.<\/p>\n\n\n\n<p>Oaxaca de Ju\u00e1rez, Oax., 21 de septiembre de 2021.- A nueve d\u00edas de los hechos, la ejecuci\u00f3n del magistrado Enrique Pacheco Mart\u00ednez, permanece en la impunidad.<\/p>\n\n\n\n<p>Ayer, el diario \u201cExcelsior\u201d revel\u00f3 que horas antes, quien fuera integrante del Tribunal de Justicia Administrativa, hab\u00eda redactado un documento en que detallaba las amenazas en su contra.<\/p>\n\n\n\n<p>Pese a ello, alrededor de las 06:30 horas del pasado lunes 13 de septiembre, fue ejecutado a balazos al salir de su domicilio, en la calle Las Rosas, entre Eucaliptos y Belisario Dom\u00ednguez.<\/p>\n\n\n\n<p>De acuerdo con la informaci\u00f3n publicada en el impreso de \u201cExcelsior\u201d, Pacheco Mart\u00ednez ten\u00eda programado dar una conferencia de prensa para presentar una denuncia por amenazas en su contra, las cuales consideraba pon\u00edan en<\/p>\n\n\n\n<p>riesgo su vida y, de la que sus victimarios habr\u00edan tenido conocimiento poco antes del crimen.<\/p>\n\n\n\n<p>De acuerdo con el trabajo del periodista Andr\u00e9s Becerril, el documento escrito por el magistrado y dirigido al Fiscal General el Estado, Arturo Peimbert; al Congreso local y al gobernador Alejandro Murat, se\u00f1ala a los posibles autores de su asesinato, o al menos, brinda una l\u00ednea de investigaci\u00f3n directa.<\/p>\n\n\n\n<p>\u201cCon el debido respeto que tengo ya expresado y bajo protesta legal de decir la verdad, vengo a realizar la siguiente narraci\u00f3n de hechos los que en mi parecer constituyen delitos del fuero local y federal, procediendo en consecuencia a la siguiente narraci\u00f3n\u201c, se\u00f1ala la relator\u00eda.<\/p>\n\n\n\n<figure class=\"wp-block-image size-large\"><img decoding=\"async\" width=\"638\" height=\"1024\" src=\"http:\/\/www.zonaroja.com.mx\/wp-content\/uploads\/2021\/09\/Enrique-Pacheco-reportaje-Excelsior-638x1024.jpg\" alt=\"\" class=\"wp-image-32283\" srcset=\"https:\/\/zonaroja.com.mx\/wp-content\/uploads\/2021\/09\/Enrique-Pacheco-reportaje-Excelsior-638x1024.jpg 638w, https:\/\/zonaroja.com.mx\/wp-content\/uploads\/2021\/09\/Enrique-Pacheco-reportaje-Excelsior-187x300.jpg 187w, https:\/\/zonaroja.com.mx\/wp-content\/uploads\/2021\/09\/Enrique-Pacheco-reportaje-Excelsior-768x1232.jpg 768w, https:\/\/zonaroja.com.mx\/wp-content\/uploads\/2021\/09\/Enrique-Pacheco-reportaje-Excelsior-585x938.jpg 585w, https:\/\/zonaroja.com.mx\/wp-content\/uploads\/2021\/09\/Enrique-Pacheco-reportaje-Excelsior.jpg 798w\" sizes=\"(max-width: 638px) 100vw, 638px\" \/><\/figure>\n\n\n\n<p>En ella, el magistrado Enrique Pacheco acusa de manera directa al supuesto abogado de la familia Murat y exsubprocurador del estado, Enrique T. F., actualmente en proceso judicial se\u00f1alado por secuestro, extorsi\u00f3n y despojo.<\/p>\n\n\n\n<p>Tambi\u00e9n menciona a su suegro, Aurelio T.; as\u00ed como a un dirigente sindical que trabaja como \u201csicario\u201d de Enrique, a quien identific\u00f3 como Jes\u00fas Adri\u00e1n V. R.<\/p>\n\n\n\n<p>De acuerdo con la informaci\u00f3n de \u201cExcelsior\u201d, el conflicto con el abogado Toro Ferrer comenz\u00f3 cuando el magistrado se neg\u00f3 a brindar facilidades en algunos juicios que el interesado llevaba en el Tribunal que ten\u00eda a su cargo Enrique Pacheco.<\/p>\n\n\n\n<p>\u201cPor lo expresado por el se\u00f1or Enrique y por las visitas intimidatorias de este se\u00f1or Jes\u00fas Adri\u00e1n, me expresaron que si no \u2018colaboraba\u2019 o los \u2018quemaba\u2019 me van a matar, s\u00e9 que no es m\u00e1s que una amenaza para meterme miedo, pero desde este momento solicito medidas de seguridad para el caso de que pretendan atentar en contra de mi vida o la de mi familia\u201d, a\u00f1adi\u00f3 el magistrado. Pero nadie oy\u00f3 la advertencia.<\/p>\n\n\n\n<p>Hasta el momento, ni la Fiscal\u00eda General del Estado ni el Gobierno del Estado han dado su versi\u00f3n al respecto.<\/p>\n\n\n\n<p><\/p>\n","protected":false},"excerpt":{"rendered":"<p>Redaci\u00f3n\/Zona Roja. Oaxaca de Ju\u00e1rez, Oax., 21 de septiembre de 2021.- A nueve d\u00edas de&hellip;<\/p>\n","protected":false},"author":2,"featured_media":32284,"comment_status":"closed","ping_status":"open","sticky":false,"template":"","format":"standard","meta":{"_lmt_disableupdate":"","_lmt_disable":"","_jetpack_memberships_contains_paid_content":false,"footnotes":""},"categories":[109,47],"tags":[2887],"class_list":["post-32282","post","type-post","status-publish","format-standard","has-post-thumbnail","hentry","category-minuto-a-minuto","category-zona-gris","tag-magistrado-enrique-pacheco-martinez"],"jetpack_featured_media_url":"https:\/\/zonaroja.com.mx\/wp-content\/uploads\/2021\/09\/Enrique-Pacheco-Alvarez.jpg","jetpack_sharing_enabled":true,"_links":{"self":[{"href":"https:\/\/zonaroja.com.mx\/index.php?rest_route=\/wp\/v2\/posts\/32282","targetHints":{"allow":["GET"]}}],"collection":[{"href":"https:\/\/zonaroja.com.mx\/index.php?rest_route=\/wp\/v2\/posts"}],"about":[{"href":"https:\/\/zonaroja.com.mx\/index.php?rest_route=\/wp\/v2\/types\/post"}],"author":[{"embeddable":true,"href":"https:\/\/zonaroja.com.mx\/index.php?rest_route=\/wp\/v2\/users\/2"}],"replies":[{"embeddable":true,"href":"https:\/\/zonaroja.com.mx\/index.php?rest_route=%2Fwp%2Fv2%2Fcomments&post=32282"}],"version-history":[{"count":1,"href":"https:\/\/zonaroja.com.mx\/index.php?rest_route=\/wp\/v2\/posts\/32282\/revisions"}],"predecessor-version":[{"id":32285,"href":"https:\/\/zonaroja.com.mx\/index.php?rest_route=\/wp\/v2\/posts\/32282\/revisions\/32285"}],"wp:featuredmedia":[{"embeddable":true,"href":"https:\/\/zonaroja.com.mx\/index.php?rest_route=\/wp\/v2\/media\/32284"}],"wp:attachment":[{"href":"https:\/\/zonaroja.com.mx\/index.php?rest_route=%2Fwp%2Fv2%2Fmedia&parent=32282"}],"wp:term":[{"taxonomy":"category","embeddable":true,"href":"https:\/\/zonaroja.com.mx\/index.php?rest_route=%2Fwp%2Fv2%2Fcategories&post=32282"},{"taxonomy":"post_tag","embeddable":true,"href":"https:\/\/zonaroja.com.mx\/index.php?rest_route=%2Fwp%2Fv2%2Ftags&post=32282"}],"curies":[{"name":"wp","href":"https:\/\/api.w.org\/{rel}","templated":true}]}}