{"id":32286,"date":"2021-09-21T15:35:01","date_gmt":"2021-09-21T20:35:01","guid":{"rendered":"http:\/\/www.zonaroja.com.mx\/?p=32286"},"modified":"2021-09-21T15:35:05","modified_gmt":"2021-09-21T20:35:05","slug":"por-omision-de-segego-san-sebastian-nopalera-reanudara-movilizaciones","status":"publish","type":"post","link":"https:\/\/zonaroja.com.mx\/?p=32286","title":{"rendered":"Por omisi\u00f3n de Segego, San Sebasti\u00e1n Nopalera reanudar\u00e1 movilizaciones"},"content":{"rendered":"\n<p>Redacci\u00f3n\/Zona Roja.<\/p>\n\n\n\n<p>Oaxaca de Ju\u00e1rez, Oax., 21 de septiembre de 2021.- Por negligencias y omisiones de la Secretar\u00eda General de Gobierno (Segego) de Oaxaca, San Sebasti\u00e1n Nopalera reanudar\u00e1 movilizaciones la pr\u00f3xima semana.<\/p>\n\n\n\n<p>\u201cHan pasado m\u00e1s de tres a\u00f1os sin que nuestro pueblo tenga respuesta a varios acuerdos celebrados en diferentes mesas de trabajo con el gobierno del maestro Alejandro Murat Hinojosa\u201d, difundi\u00f3 la autoridad en un comunicado.<\/p>\n\n\n\n<p>Ello en referencia a la soluci\u00f3n que ellos mismos alcanzaron con sus vecinos de Zimatl\u00e1n de L\u00e1zaro C\u00e1rdenas; pese a ello, las autoridades estatales no han hecho lo necesario para concretarla.<\/p>\n\n\n\n<p>En agosto pasado, la Secretar\u00eda de Gobernaci\u00f3n intervino y reuni\u00f3 a las partes en la Ciudad de M\u00e9xico, donde convinieron en seguir fortaleciendo los acuerdos para lograr una soluci\u00f3n final, en la disputa de al menos cinco mil hect\u00e1reas.<\/p>\n\n\n\n<p>\u201cSan Sebasti\u00e1n Nopalera es un pueblo que ha tenido siempre una vocaci\u00f3n pacifista y de di\u00e1logo ante los diversos conflictos que a lo largo de su historia ha enfrentado y ofrendado su sangre y su vida para ello.<\/p>\n\n\n\n<p>\u201cLos diferentes gobiernos locales a los que hemos exigido y obligado a dar atenci\u00f3n han terminado por enga\u00f1arnos; se toman la foto, dicen un bonito y hasta emotivo discurso y luego desaparecen\u201d, recriminaron hoy.&nbsp;&nbsp;&nbsp;&nbsp;<\/p>\n\n\n\n<p>En un comunicado firmado por el agente municipal, Margarito Garc\u00eda Cruz; el presidente del Comisariado de Bienes Ejidales, Agust\u00edn Bautista S\u00e1nchez, y el presidente del Comisariado de Bienes Comunales, Adri\u00e1n Pazos Barrios, anunciaron las movilizaciones.<\/p>\n\n\n\n<p>\u201cNuestra comunidad ha decido hacer uso del \u00fanico recurso que obliga al gobierno a dar atenci\u00f3n a las demandas de los pueblos que es salir a las calles, e iniciar\u00e1 la siguiente semana una masiva movilizaci\u00f3n a la capital del estado para exigir el cumplimiento de los acuerdos.<\/p>\n\n\n\n<p>\u201cManifestamos nuestro respeto a la ciudadan\u00eda y de antemano nos disculpamos por alg\u00fan contratiempo que pudiera ocasionarles; es la insensibilidad gubernamental que nos obliga\u201d, se\u00f1alaron.<\/p>\n","protected":false},"excerpt":{"rendered":"<p>Redacci\u00f3n\/Zona Roja. Oaxaca de Ju\u00e1rez, Oax., 21 de septiembre de 2021.- Por negligencias y omisiones&hellip;<\/p>\n","protected":false},"author":2,"featured_media":32287,"comment_status":"closed","ping_status":"open","sticky":false,"template":"","format":"standard","meta":{"_lmt_disableupdate":"","_lmt_disable":"","_jetpack_memberships_contains_paid_content":false,"footnotes":""},"categories":[109,47],"tags":[2897],"class_list":["post-32286","post","type-post","status-publish","format-standard","has-post-thumbnail","hentry","category-minuto-a-minuto","category-zona-gris","tag-san-sebastian-nopalera"],"jetpack_featured_media_url":"https:\/\/zonaroja.com.mx\/wp-content\/uploads\/2021\/09\/Asamblea-San-Sebastian-Nopalera.jpg","jetpack_sharing_enabled":true,"_links":{"self":[{"href":"https:\/\/zonaroja.com.mx\/index.php?rest_route=\/wp\/v2\/posts\/32286","targetHints":{"allow":["GET"]}}],"collection":[{"href":"https:\/\/zonaroja.com.mx\/index.php?rest_route=\/wp\/v2\/posts"}],"about":[{"href":"https:\/\/zonaroja.com.mx\/index.php?rest_route=\/wp\/v2\/types\/post"}],"author":[{"embeddable":true,"href":"https:\/\/zonaroja.com.mx\/index.php?rest_route=\/wp\/v2\/users\/2"}],"replies":[{"embeddable":true,"href":"https:\/\/zonaroja.com.mx\/index.php?rest_route=%2Fwp%2Fv2%2Fcomments&post=32286"}],"version-history":[{"count":1,"href":"https:\/\/zonaroja.com.mx\/index.php?rest_route=\/wp\/v2\/posts\/32286\/revisions"}],"predecessor-version":[{"id":32288,"href":"https:\/\/zonaroja.com.mx\/index.php?rest_route=\/wp\/v2\/posts\/32286\/revisions\/32288"}],"wp:featuredmedia":[{"embeddable":true,"href":"https:\/\/zonaroja.com.mx\/index.php?rest_route=\/wp\/v2\/media\/32287"}],"wp:attachment":[{"href":"https:\/\/zonaroja.com.mx\/index.php?rest_route=%2Fwp%2Fv2%2Fmedia&parent=32286"}],"wp:term":[{"taxonomy":"category","embeddable":true,"href":"https:\/\/zonaroja.com.mx\/index.php?rest_route=%2Fwp%2Fv2%2Fcategories&post=32286"},{"taxonomy":"post_tag","embeddable":true,"href":"https:\/\/zonaroja.com.mx\/index.php?rest_route=%2Fwp%2Fv2%2Ftags&post=32286"}],"curies":[{"name":"wp","href":"https:\/\/api.w.org\/{rel}","templated":true}]}}