{"id":32289,"date":"2021-09-21T16:15:53","date_gmt":"2021-09-21T21:15:53","guid":{"rendered":"http:\/\/www.zonaroja.com.mx\/?p=32289"},"modified":"2021-09-21T16:27:26","modified_gmt":"2021-09-21T21:27:26","slug":"ejecutan-a-individuo-en-santiago-jamiltepec-oaxaca","status":"publish","type":"post","link":"https:\/\/zonaroja.com.mx\/?p=32289","title":{"rendered":"Ejecutan a individuo en Santiago Jamiltepec, Oaxaca"},"content":{"rendered":"\n<p>Redacci\u00f3n\/Zona Roja.<\/p>\n\n\n\n<p>Oaxaca de Ju\u00e1rez, Oax., 21 de septiembre de 2021.- Un individuo fue ejecutado la ma\u00f1ana de este martes a bordo de su camioneta, en jurisdicci\u00f3n del municipio de Santiago Jamiltepec, regi\u00f3n de la Costa.<\/p>\n\n\n\n<p>De manera preliminar fue identificado como Fernando D\u00edaz Carrillo, de 52 a\u00f1os de edad; aunque algunos medios informativos lo han se\u00f1alado como hermano de un juez local, en el Poder Judicial del Estado no tienen referencia de ello.<\/p>\n\n\n\n<p>La unidad de motor, marca Dodge, tipo Ram, color roja, placas de circulaci\u00f3n RX-61218, qued\u00f3 a unos metros de la cinta asf\u00e1ltica y en el interior la persona sin vida.<\/p>\n\n\n\n<p>Se presume que un par de motociclistas le dieron alcance y le dispararon de manera directa, tras lo cual huyeron con rumbo desconocido.<\/p>\n","protected":false},"excerpt":{"rendered":"<p>Redacci\u00f3n\/Zona Roja. Oaxaca de Ju\u00e1rez, Oax., 21 de septiembre de 2021.- Un individuo fue ejecutado&hellip;<\/p>\n","protected":false},"author":2,"featured_media":32290,"comment_status":"closed","ping_status":"open","sticky":false,"template":"","format":"standard","meta":{"_lmt_disableupdate":"","_lmt_disable":"","_jetpack_memberships_contains_paid_content":false,"footnotes":""},"categories":[109,51],"tags":[797],"class_list":["post-32289","post","type-post","status-publish","format-standard","has-post-thumbnail","hentry","category-minuto-a-minuto","category-zona-roja","tag-santiago-jamiltepec"],"jetpack_featured_media_url":"https:\/\/zonaroja.com.mx\/wp-content\/uploads\/2021\/09\/Ejecutado-Jamiltepec-Oaxaca.jpg","jetpack_sharing_enabled":true,"_links":{"self":[{"href":"https:\/\/zonaroja.com.mx\/index.php?rest_route=\/wp\/v2\/posts\/32289","targetHints":{"allow":["GET"]}}],"collection":[{"href":"https:\/\/zonaroja.com.mx\/index.php?rest_route=\/wp\/v2\/posts"}],"about":[{"href":"https:\/\/zonaroja.com.mx\/index.php?rest_route=\/wp\/v2\/types\/post"}],"author":[{"embeddable":true,"href":"https:\/\/zonaroja.com.mx\/index.php?rest_route=\/wp\/v2\/users\/2"}],"replies":[{"embeddable":true,"href":"https:\/\/zonaroja.com.mx\/index.php?rest_route=%2Fwp%2Fv2%2Fcomments&post=32289"}],"version-history":[{"count":2,"href":"https:\/\/zonaroja.com.mx\/index.php?rest_route=\/wp\/v2\/posts\/32289\/revisions"}],"predecessor-version":[{"id":32294,"href":"https:\/\/zonaroja.com.mx\/index.php?rest_route=\/wp\/v2\/posts\/32289\/revisions\/32294"}],"wp:featuredmedia":[{"embeddable":true,"href":"https:\/\/zonaroja.com.mx\/index.php?rest_route=\/wp\/v2\/media\/32290"}],"wp:attachment":[{"href":"https:\/\/zonaroja.com.mx\/index.php?rest_route=%2Fwp%2Fv2%2Fmedia&parent=32289"}],"wp:term":[{"taxonomy":"category","embeddable":true,"href":"https:\/\/zonaroja.com.mx\/index.php?rest_route=%2Fwp%2Fv2%2Fcategories&post=32289"},{"taxonomy":"post_tag","embeddable":true,"href":"https:\/\/zonaroja.com.mx\/index.php?rest_route=%2Fwp%2Fv2%2Ftags&post=32289"}],"curies":[{"name":"wp","href":"https:\/\/api.w.org\/{rel}","templated":true}]}}