{"id":32292,"date":"2021-09-21T16:23:07","date_gmt":"2021-09-21T21:23:07","guid":{"rendered":"http:\/\/www.zonaroja.com.mx\/?p=32292"},"modified":"2021-09-21T16:23:10","modified_gmt":"2021-09-21T21:23:10","slug":"historica-suspension-de-plano-a-proyecto-eolico-gunna-sicaru","status":"publish","type":"post","link":"https:\/\/zonaroja.com.mx\/?p=32292","title":{"rendered":"Hist\u00f3rica suspensi\u00f3n de plano a proyecto e\u00f3lico \u201cGunna Sicar\u00fa\u201d"},"content":{"rendered":"\n<p>Evlin Arag\u00f3n\/Zona Roja.<\/p>\n\n\n\n<p>Oaxaca de Ju\u00e1rez, Oax., 21 de septiembre de 2021.- El Tribunal Colegiado en Materia Civil y Administrativa del Decimotercer Circuito, con sede en Oaxaca, otorg\u00f3 la suspensi\u00f3n de plano a la construcci\u00f3n del parque e\u00f3lico \u201cGunna Sicar\u00fa\u201d que promueve la empresa Energies Nouvelles Group Energ\u00eda de Francia (EDF), una de las m\u00e1s importantes a nivel mundial.&nbsp;&nbsp;<\/p>\n\n\n\n<p>As\u00ed lo dieron a conocer activistas y comuneros zapotecas de la comunidad agraria de Juchit\u00e1n de Zaragoza y sus anexos Santa Mar\u00eda Xadani, Uni\u00f3n Hidalgo, Chicapa de Castro, El Espinal y La Ventosa, quienes aseguraron que dicha sentencia protege sus tierras comunales y proh\u00edbe que se les prive de ella.&nbsp;<\/p>\n\n\n\n<p>\u201c\u2026la comunidad agraria de Juchit\u00e1n de Zaragoza, Oaxaca para que las autoridades responsables se abstengan de ejecutar actos que tengan por objeto privarla total o parcialmente, en forma temporal o definitiva, de la propiedad, posesi\u00f3n o disfrutar de las tierras de uso com\u00fan con motivo de los trabajos relativos a la construcci\u00f3n de un campo e\u00f3lico denominado \u2018Gunna Sicar\u00fa\u2019\u201d, refiere la suspensi\u00f3n del Colegiado.<\/p>\n\n\n\n<p>Mediante un documento, activistas y comuneros explicaron que la resoluci\u00f3n reconoce su inter\u00e9s leg\u00edtimo de acudir en defensa de los derechos colectivos y del total de la superficie de los terrenos de la comunidad agraria de Juchit\u00e1n, conclusi\u00f3n judicial que resulta hist\u00f3rica para los n\u00facleos agrarios del pa\u00eds.&nbsp;<\/p>\n\n\n\n<p>Por lo anterior exigieron a los tres niveles de gobierno que respeten la suspensi\u00f3n de plano en tanto se resuelve el juicio de amparo interpuesto y cese con ello el respaldo a las empresas privadas de ocupar su territorio; adem\u00e1s de exigir el cese a la criminalizaci\u00f3n, hostigamiento y amenazas a las y los defensores de la tierra en la regi\u00f3n del Istmo.&nbsp;<\/p>\n\n\n\n<p>En este mismo sentido, manifestaron que el Estado mexicano ha actuado de mala fe, ya que de los 29 parque e\u00f3licos que existen en la zona, ninguna ha respeto los derechos de libre determinaci\u00f3n y autonom\u00eda de los pueblos ind\u00edgenas, por el contrario, ha violentado a quienes se oponen y comprado a las autoridades municipales.&nbsp;<\/p>\n\n\n\n<p>Por lo anterior, calificaron la suspensi\u00f3n de plano como un logro para los pueblos ind\u00edgenas del pa\u00eds que luchan por la conservaci\u00f3n de su territorio, misma que ratifica las violaciones a los derechos de las y los pobladores por parte de las secretarias de Energ\u00eda, Medio Ambiente, la Comisi\u00f3n Reguladora de Energ\u00eda, el Centro Nacional de Control de Energ\u00eda y del Instituto Nacional de los Pueblos Ind\u00edgenas.<\/p>\n\n\n\n<p>Finalmente, recordaron que de acuerdo con datos oficiales el proyecto \u201cGunna Sicar\u00fa\u201d fue otorgado en la segunda subasta el\u00e9ctrica realizada en el 2016 por la Cenace a Energ\u00eda E\u00f3lica Oaxaca, asociada de Energies Nouvelles Group como proyecto verde.&nbsp;<\/p>\n\n\n\n<p>Dicho proyecto consiste en el dise\u00f1o, construcci\u00f3n, equipamiento, instalaci\u00f3n, operaci\u00f3n y mantenimiento de una central e\u00f3lica con capacidad de 252 MW.<\/p>\n\n\n\n<p>Hace menos de un a\u00f1o, en octubre del 2020, habitantes de la comunidad de Uni\u00f3n Hidalgo presentaron una denuncia civil en Paris, primera en su tipo, en contra de la empresa francesa a quien acusan de fallar en la identificaci\u00f3n de riesgos y la implementaci\u00f3n de medidas de protecci\u00f3n en el desarrollo de su proyecto e\u00f3lico.&nbsp;<\/p>\n\n\n\n<p>La anterior, independientemente de la lucha legal que encabezan en M\u00e9xico, se convirti\u00f3 en la primera acci\u00f3n legal iniciada por una comunidad ind\u00edgena zapoteca de las Am\u00e9ricas, acompa\u00f1ada por organizaciones mexicanas y europeas en defensa de los derechos humanos.&nbsp;<\/p>\n","protected":false},"excerpt":{"rendered":"<p>Evlin Arag\u00f3n\/Zona Roja. Oaxaca de Ju\u00e1rez, Oax., 21 de septiembre de 2021.- El Tribunal Colegiado&hellip;<\/p>\n","protected":false},"author":2,"featured_media":12743,"comment_status":"closed","ping_status":"open","sticky":false,"template":"","format":"standard","meta":{"_lmt_disableupdate":"","_lmt_disable":"","_jetpack_memberships_contains_paid_content":false,"footnotes":""},"categories":[109,47],"tags":[2899],"class_list":["post-32292","post","type-post","status-publish","format-standard","has-post-thumbnail","hentry","category-minuto-a-minuto","category-zona-gris","tag-gunna-sicaru-energies-nouvelles-group"],"jetpack_featured_media_url":"https:\/\/zonaroja.com.mx\/wp-content\/uploads\/2020\/05\/Parques-e\u00f3licos.jpg","jetpack_sharing_enabled":true,"_links":{"self":[{"href":"https:\/\/zonaroja.com.mx\/index.php?rest_route=\/wp\/v2\/posts\/32292","targetHints":{"allow":["GET"]}}],"collection":[{"href":"https:\/\/zonaroja.com.mx\/index.php?rest_route=\/wp\/v2\/posts"}],"about":[{"href":"https:\/\/zonaroja.com.mx\/index.php?rest_route=\/wp\/v2\/types\/post"}],"author":[{"embeddable":true,"href":"https:\/\/zonaroja.com.mx\/index.php?rest_route=\/wp\/v2\/users\/2"}],"replies":[{"embeddable":true,"href":"https:\/\/zonaroja.com.mx\/index.php?rest_route=%2Fwp%2Fv2%2Fcomments&post=32292"}],"version-history":[{"count":1,"href":"https:\/\/zonaroja.com.mx\/index.php?rest_route=\/wp\/v2\/posts\/32292\/revisions"}],"predecessor-version":[{"id":32293,"href":"https:\/\/zonaroja.com.mx\/index.php?rest_route=\/wp\/v2\/posts\/32292\/revisions\/32293"}],"wp:featuredmedia":[{"embeddable":true,"href":"https:\/\/zonaroja.com.mx\/index.php?rest_route=\/wp\/v2\/media\/12743"}],"wp:attachment":[{"href":"https:\/\/zonaroja.com.mx\/index.php?rest_route=%2Fwp%2Fv2%2Fmedia&parent=32292"}],"wp:term":[{"taxonomy":"category","embeddable":true,"href":"https:\/\/zonaroja.com.mx\/index.php?rest_route=%2Fwp%2Fv2%2Fcategories&post=32292"},{"taxonomy":"post_tag","embeddable":true,"href":"https:\/\/zonaroja.com.mx\/index.php?rest_route=%2Fwp%2Fv2%2Ftags&post=32292"}],"curies":[{"name":"wp","href":"https:\/\/api.w.org\/{rel}","templated":true}]}}