{"id":32299,"date":"2021-09-21T21:51:34","date_gmt":"2021-09-22T02:51:34","guid":{"rendered":"http:\/\/www.zonaroja.com.mx\/?p=32299"},"modified":"2021-09-21T21:51:38","modified_gmt":"2021-09-22T02:51:38","slug":"siguen-protestas-y-division-de-desplazados-triquis-ahora-los-asesoran-poblanos","status":"publish","type":"post","link":"https:\/\/zonaroja.com.mx\/?p=32299","title":{"rendered":"Siguen protestas y divisi\u00f3n de desplazados Triquis; ahora los asesoran poblanos"},"content":{"rendered":"\n<p>Evlin Arag\u00f3n\/Zona Roja.<\/p>\n\n\n\n<p>Oaxaca de Ju\u00e1rez, Oax., 21 de septiembre de 2021.- Por segundo d\u00eda consecutivo, familias desplazadas de Tierra Blanca, Copala, se manifestaron en la capital oaxaque\u00f1a, en esta ocasi\u00f3n a las afueras de Ciudad Administrativa, en Tlalixtaca de Cabrera, donde bloquearon los accesos para exigir retorno a su comunidad, en la zona Triqui.&nbsp;<\/p>\n\n\n\n<p>Sin embargo, la divisi\u00f3n tambi\u00e9n contin\u00faa y ahora son al menos tres grupos de desplazados, dos en Oaxaca y uno de ellos en la Ciudad de M\u00e9xico. El que se manifest\u00f3 este martes est\u00e1 asesorada por una agrupaci\u00f3n de poblanos, con antecedentes negativos.<\/p>\n\n\n\n<p>\u201cQueremos hablar directamente con el gobernador de nuestro problema. Ellos saben perfectamente, ya llevamos m\u00e1s de ocho meses en la calle, pero no hay soluci\u00f3n. Nosotros no estamos pidiendo gran cosa como para que se tarden tanto, simplemente queremos regresar a nuestra comunidad\u201d.&nbsp;<\/p>\n\n\n\n<p>Son las palabras de Venustiana, vocera del grupo de familias desplazadas, quien adem\u00e1s indic\u00f3 esperan justicia por la violencia de la que fueron v\u00edctimas en diciembre pasado a manos de grupos paramilitares que, desde hace a\u00f1os, se apoderaron de la zona triqui.<\/p>\n\n\n\n<p>De nueva cuenta. acus\u00f3 al Movimiento de Unificaci\u00f3n y Lucha Triqui (MULT) de impedir y recientemente condicionar su retorno a la localidad, el cual han dicho que aceptar\u00edan siempre y cuando las familias desplazadas se afilien a la organizaci\u00f3n, aunque est\u00e1s se han manifestado independientes.&nbsp;<\/p>\n\n\n\n<p>\u201cEllos son los que se est\u00e1n adue\u00f1ando de nuestras pertenencias y nos tienen ac\u00e1 afuera. Ellos piden que regresemos cinco personas, pero nosotros no queremos eso, es nuestro pueblo. Adem\u00e1s, nos piden que entremos hincados y pagando o hasta que nos afiliemos a su organizaci\u00f3n\u201d, dijo.\u00a0<\/p>\n\n\n\n<figure class=\"wp-block-embed-twitter wp-block-embed is-type-rich is-provider-twitter\"><div class=\"wp-block-embed__wrapper\">\n<div class=\"twitter-tweet\"><blockquote class=\"twitter-tweet\" data-lang=\"es\"><p lang=\"es\" dir=\"ltr\">2. Este mediod\u00eda bloquearon por unas horas la sede de Ciudad Administrativa, en Ciudad Administrativa, para insistir en su retorno a Tierra Blanca Copala; inicialmente los apoyaba el MULTI pero los desplazados ya quedaron divididos en al menos tres grupos. <a href=\"https:\/\/t.co\/SVmh0GsOT3\">pic.twitter.com\/SVmh0GsOT3<\/a><\/p>&mdash; Zona Roja Oaxaca (@Zona_Roja_Oax) <a href=\"https:\/\/twitter.com\/Zona_Roja_Oax\/status\/1440502121061707777?ref_src=twsrc%5Etfw\">22 de septiembre de 2021<\/a><\/blockquote><\/div>\n<\/div><\/figure>\n\n\n\n<p>En este sentido, aunque reconoci\u00f3 el apoyo de muchas organizaciones, detall\u00f3 que ninguna les obliga a afiliarse como pretende el MULT, a cuyos integrantes no quieren en la localidad, toda vez que los responsabilizan de la violencia que termin\u00f3 por desplazarlos de su pueblo.&nbsp;<\/p>\n\n\n\n<p>Y aunque este lunes trataron de acercarse al Presidente de la Rep\u00fablica, Andr\u00e9s Manuel L\u00f3pez Obrador, en su visita a la capital oaxaque\u00f1a, aclar\u00f3 que no lograron establecer un di\u00e1logo que permita la atenci\u00f3n a su principal demanda que es el retorno seguro a su comunidad.&nbsp;&nbsp;<\/p>\n\n\n\n<p>Cabe se\u00f1alar que, desde ayer, este grupo de personas desplazadas de Tierra Blanca Copala, ha contado p\u00fablicamente con el respaldo de la Uni\u00f3n Popular de Vendedores Ambulantes (UPVA) 28 de Octubre, cuyo principal l\u00edder es Rub\u00e9n Sarabia S\u00e1nchez, \u201cSimitrio\u201d, se\u00f1alado por las autoridades de Puebla de haber cometido diversos delitos.<\/p>\n\n\n\n<p>Algunos de los delitos por los que el activista ha sido encarcelado son posesi\u00f3n de armas, narcotr\u00e1fico y asociaci\u00f3n delictuosa, sin embargo, p\u00fablicamente ha declarado que las detenciones se han llevado a cabo sin orden de aprehensi\u00f3n, siendo objeto de torturas f\u00edsicas y psicol\u00f3gicas.&nbsp;<\/p>\n","protected":false},"excerpt":{"rendered":"<p>Evlin Arag\u00f3n\/Zona Roja. Oaxaca de Ju\u00e1rez, Oax., 21 de septiembre de 2021.- Por segundo d\u00eda&hellip;<\/p>\n","protected":false},"author":2,"featured_media":32300,"comment_status":"closed","ping_status":"open","sticky":false,"template":"","format":"standard","meta":{"_lmt_disableupdate":"","_lmt_disable":"","_jetpack_memberships_contains_paid_content":false,"footnotes":""},"categories":[109,47],"tags":[1712],"class_list":["post-32299","post","type-post","status-publish","format-standard","has-post-thumbnail","hentry","category-minuto-a-minuto","category-zona-gris","tag-tierra-blanca-copala"],"jetpack_featured_media_url":"https:\/\/zonaroja.com.mx\/wp-content\/uploads\/2021\/09\/Desplazados-Tierra-Blanca-triquis-Copala.jpg","jetpack_sharing_enabled":true,"_links":{"self":[{"href":"https:\/\/zonaroja.com.mx\/index.php?rest_route=\/wp\/v2\/posts\/32299","targetHints":{"allow":["GET"]}}],"collection":[{"href":"https:\/\/zonaroja.com.mx\/index.php?rest_route=\/wp\/v2\/posts"}],"about":[{"href":"https:\/\/zonaroja.com.mx\/index.php?rest_route=\/wp\/v2\/types\/post"}],"author":[{"embeddable":true,"href":"https:\/\/zonaroja.com.mx\/index.php?rest_route=\/wp\/v2\/users\/2"}],"replies":[{"embeddable":true,"href":"https:\/\/zonaroja.com.mx\/index.php?rest_route=%2Fwp%2Fv2%2Fcomments&post=32299"}],"version-history":[{"count":1,"href":"https:\/\/zonaroja.com.mx\/index.php?rest_route=\/wp\/v2\/posts\/32299\/revisions"}],"predecessor-version":[{"id":32301,"href":"https:\/\/zonaroja.com.mx\/index.php?rest_route=\/wp\/v2\/posts\/32299\/revisions\/32301"}],"wp:featuredmedia":[{"embeddable":true,"href":"https:\/\/zonaroja.com.mx\/index.php?rest_route=\/wp\/v2\/media\/32300"}],"wp:attachment":[{"href":"https:\/\/zonaroja.com.mx\/index.php?rest_route=%2Fwp%2Fv2%2Fmedia&parent=32299"}],"wp:term":[{"taxonomy":"category","embeddable":true,"href":"https:\/\/zonaroja.com.mx\/index.php?rest_route=%2Fwp%2Fv2%2Fcategories&post=32299"},{"taxonomy":"post_tag","embeddable":true,"href":"https:\/\/zonaroja.com.mx\/index.php?rest_route=%2Fwp%2Fv2%2Ftags&post=32299"}],"curies":[{"name":"wp","href":"https:\/\/api.w.org\/{rel}","templated":true}]}}