{"id":32302,"date":"2021-09-21T22:06:26","date_gmt":"2021-09-22T03:06:26","guid":{"rendered":"http:\/\/www.zonaroja.com.mx\/?p=32302"},"modified":"2021-09-21T22:06:29","modified_gmt":"2021-09-22T03:06:29","slug":"inmunizan-a-unas-3500-personas-de-reclusorios-de-oaxaca","status":"publish","type":"post","link":"https:\/\/zonaroja.com.mx\/?p=32302","title":{"rendered":"Inmunizan a unas 3,500 personas de reclusorios de Oaxaca"},"content":{"rendered":"\n<p>Redacci\u00f3n\/Zona Roja.<\/p>\n\n\n\n<p>Oaxaca de Ju\u00e1rez, Oax., 21 de septiembre de 2021.- Alrededor de tres mil 419 personas privadas de su libertad en los 10 reclusorios de Oaxaca, quedaron inmunizados ante el Covid-19.<\/p>\n\n\n\n<p>La Secretar\u00eda de Seguridad P\u00fablica inform\u00f3 que mediante la coordinaci\u00f3n entre el Gobierno del Estado, que encabeza Alejandro Murat Hinojosa; la Secretar\u00eda de Salud de Oaxaca y la Secretar\u00eda de Bienestar, este martes concluy\u00f3 la jornada de vacunaci\u00f3n, hecho con el que se garantiza el derecho a la salud de la poblaci\u00f3n penitenciaria, varonil y femenil.<\/p>\n\n\n\n<p>La dependencia a cargo de Heliodoro D\u00edaz Esc\u00e1rraga dio a conocer que, de acuerdo con las recomendaciones de la Comisi\u00f3n Nacional de Derechos Humanos, se cumpli\u00f3 con la meta y se vacunaron un total de tres mil 419 personas privadas de libertad (PPL).<\/p>\n\n\n\n<p>En la jornada se les dio prioridad a los adultos mayores, mujeres y personas que padecen alguna enfermedad cr\u00f3nica-degenerativa; sin embargo, tambi\u00e9n se inform\u00f3 que, 788 personas hicieron uso de su derecho a decidir y optaron a no recibir la vacuna.<\/p>\n\n\n\n<figure class=\"wp-block-embed-twitter wp-block-embed is-type-rich is-provider-twitter\"><div class=\"wp-block-embed__wrapper\">\n<div class=\"twitter-tweet\"><blockquote class=\"twitter-tweet\" data-lang=\"es\"><p lang=\"es\" dir=\"ltr\">Mediante la coordinaci\u00f3n entre el <a href=\"https:\/\/twitter.com\/GobOax?ref_src=twsrc%5Etfw\">@GobOax<\/a>,  <a href=\"https:\/\/twitter.com\/alejandromurat?ref_src=twsrc%5Etfw\">@alejandromurat<\/a>, <a href=\"https:\/\/twitter.com\/Heliodoro_hcde?ref_src=twsrc%5Etfw\">@Heliodoro_hcde<\/a> <a href=\"https:\/\/twitter.com\/SSO_GobOax?ref_src=twsrc%5Etfw\">@SSO_GobOax<\/a> <a href=\"https:\/\/twitter.com\/BienestarMxOax?ref_src=twsrc%5Etfw\">@BienestarMxOax<\/a>; concluy\u00f3 la jornada de vacunaci\u00f3n contra <a href=\"https:\/\/twitter.com\/hashtag\/COVID19?src=hash&amp;ref_src=twsrc%5Etfw\">#COVID19<\/a> en los 10 centros penitenciarios <a href=\"https:\/\/twitter.com\/hashtag\/Oaxaca?src=hash&amp;ref_src=twsrc%5Etfw\">#Oaxaca<\/a>, con lo que garantizamos el derecho a la salud de la poblaci\u00f3n penitenciaria. <a href=\"https:\/\/t.co\/wCNqX6c3yq\">pic.twitter.com\/wCNqX6c3yq<\/a><\/p>&mdash; Sr\u00eda. Seg. P\u00fab. Oax. (@SSP_GobOax) <a href=\"https:\/\/twitter.com\/SSP_GobOax\/status\/1440493183998169098?ref_src=twsrc%5Etfw\">22 de septiembre de 2021<\/a><\/blockquote><\/div>\n<\/div><\/figure>\n\n\n\n<p>Ante tales hechos, el titular de la SSPO exhorta a la poblaci\u00f3n a recibir la dosis para no poner en riesgo su salud ni la de los dem\u00e1s.<\/p>\n\n\n\n<p>Durante la emergencia sanitaria por COVID-19, en los centros penitenciarios se aplicaron medidas espec\u00edficas para su prevenci\u00f3n, atenci\u00f3n y mitigaci\u00f3n; alineadas a las directrices de la Organizaci\u00f3n Mundial de la Salud, a las Reglas Mandela y a los lineamientos de los Servicios de Salud de Oaxaca, erradicando casos positivos y de contagio.<\/p>\n\n\n\n<p>Acciones que fueron reconocidas por la Comisi\u00f3n Nacional de los Derechos Humanos en su informe Especial Covid-19 en Centros Penitenciarios y por el \u00d3rgano Administrativo Desconcentrado Prevenci\u00f3n y Readaptaci\u00f3n Social.<\/p>\n\n\n\n<p>Por otro lado, se sigue monitoreando la salud de los elementos de Seguridad Penitenciaria y personal t\u00e9cnico, jur\u00eddico y administrativo que laboran en los 10 Centros Penitenciarios; as\u00ed como, el equipamiento con material de higiene y seguridad (caretas, guantes, cubrebocas y de sanitizaci\u00f3n).<\/p>\n","protected":false},"excerpt":{"rendered":"<p>Redacci\u00f3n\/Zona Roja. Oaxaca de Ju\u00e1rez, Oax., 21 de septiembre de 2021.- Alrededor de tres mil&hellip;<\/p>\n","protected":false},"author":2,"featured_media":32303,"comment_status":"closed","ping_status":"open","sticky":false,"template":"","format":"standard","meta":{"_lmt_disableupdate":"","_lmt_disable":"","_jetpack_memberships_contains_paid_content":false,"footnotes":""},"categories":[109,46],"tags":[1421],"class_list":["post-32302","post","type-post","status-publish","format-standard","has-post-thumbnail","hentry","category-minuto-a-minuto","category-zona-blanca","tag-secretaria-de-seguridad-publica-de-oaxaca-sspo"],"jetpack_featured_media_url":"https:\/\/zonaroja.com.mx\/wp-content\/uploads\/2021\/09\/jornada-de-vacunacion_centros-penitenciarios-1.jpeg","jetpack_sharing_enabled":true,"_links":{"self":[{"href":"https:\/\/zonaroja.com.mx\/index.php?rest_route=\/wp\/v2\/posts\/32302","targetHints":{"allow":["GET"]}}],"collection":[{"href":"https:\/\/zonaroja.com.mx\/index.php?rest_route=\/wp\/v2\/posts"}],"about":[{"href":"https:\/\/zonaroja.com.mx\/index.php?rest_route=\/wp\/v2\/types\/post"}],"author":[{"embeddable":true,"href":"https:\/\/zonaroja.com.mx\/index.php?rest_route=\/wp\/v2\/users\/2"}],"replies":[{"embeddable":true,"href":"https:\/\/zonaroja.com.mx\/index.php?rest_route=%2Fwp%2Fv2%2Fcomments&post=32302"}],"version-history":[{"count":1,"href":"https:\/\/zonaroja.com.mx\/index.php?rest_route=\/wp\/v2\/posts\/32302\/revisions"}],"predecessor-version":[{"id":32304,"href":"https:\/\/zonaroja.com.mx\/index.php?rest_route=\/wp\/v2\/posts\/32302\/revisions\/32304"}],"wp:featuredmedia":[{"embeddable":true,"href":"https:\/\/zonaroja.com.mx\/index.php?rest_route=\/wp\/v2\/media\/32303"}],"wp:attachment":[{"href":"https:\/\/zonaroja.com.mx\/index.php?rest_route=%2Fwp%2Fv2%2Fmedia&parent=32302"}],"wp:term":[{"taxonomy":"category","embeddable":true,"href":"https:\/\/zonaroja.com.mx\/index.php?rest_route=%2Fwp%2Fv2%2Fcategories&post=32302"},{"taxonomy":"post_tag","embeddable":true,"href":"https:\/\/zonaroja.com.mx\/index.php?rest_route=%2Fwp%2Fv2%2Ftags&post=32302"}],"curies":[{"name":"wp","href":"https:\/\/api.w.org\/{rel}","templated":true}]}}