{"id":32308,"date":"2021-09-21T22:55:04","date_gmt":"2021-09-22T03:55:04","guid":{"rendered":"http:\/\/www.zonaroja.com.mx\/?p=32308"},"modified":"2021-09-21T22:55:07","modified_gmt":"2021-09-22T03:55:07","slug":"revelan-audio-en-que-fiscal-de-oaxaca-pide-a-victima-que-le-diga-que-hacer","status":"publish","type":"post","link":"https:\/\/zonaroja.com.mx\/?p=32308","title":{"rendered":"Revelan audio en que fiscal de Oaxaca pide a v\u00edctima que le diga qu\u00e9 hacer"},"content":{"rendered":"\n<p>Ismael Garc\u00eda M.\/Zona Roja.<\/p>\n\n\n\n<p>Oaxaca de Ju\u00e1rez, Oax., 21 de septiembre de 2021.- \u201cPorque se asustan no saben qu\u00e9 hacer. Y la respuesta del fiscal Arturo Peimbert es decir \u2018es que no s\u00e9 qu\u00e9 hacer Male, dime qu\u00e9 hago\u2019.<\/p>\n\n\n\n<p>\u201cC\u00f3mo le va a preguntar un fiscal que se supone tiene la preparaci\u00f3n, o no s\u00e9 por qu\u00e9 preguntarle a la v\u00edctima qu\u00e9 hago; la v\u00edctima, yo, cumplo con denunciar, porque ese es mi trabajo, denunciar, no tengo otra cosa; la Fiscal\u00eda tiene la capacidad, el fiscal puede, quiere o no sabe qu\u00e9 hacer\u201d.<\/p>\n\n\n\n<p>Son las palabras de Mar\u00eda Elena R. O., agredida con \u00e1cido hace m\u00e1s de dos a\u00f1os en Huajuapan de Le\u00f3n, y cuyo audio fue revelado la ma\u00f1ana de hoy en conferencia de prensa, por el colectivo \u00abViolencia Por ser Mujer\u00bb, que preside Ana Laura Herrera.<\/p>\n\n\n\n<p>Las integrantes, acompa\u00f1adas de familiares de Juan Antonio V. C., acusaron al fiscal Arturo Peimbert Calvo, por ordenar una persecuci\u00f3n, actos de intimidaci\u00f3n y acoso en contra de sus integrates.<\/p>\n\n\n\n<p>Asimismo, exigieron cese a esta persecuci\u00f3n que ha derivado en la intervenci\u00f3n de sus comunicaciones, as\u00ed como la apertura de carpetas de investigaci\u00f3n de sus integrantes.<\/p>\n\n\n\n<figure class=\"wp-block-embed-twitter wp-block-embed is-type-rich is-provider-twitter\"><div class=\"wp-block-embed__wrapper\">\n<div class=\"twitter-tweet\"><blockquote class=\"twitter-tweet\" data-lang=\"es\"><p lang=\"es\" dir=\"ltr\">En la conferencia de prensa de hoy del colectivo \u201cViolencia por ser Mujer\u201d, difundieron un audio que revela que el fiscal de <a href=\"https:\/\/twitter.com\/hashtag\/Oaxaca?src=hash&amp;ref_src=twsrc%5Etfw\">#Oaxaca<\/a>, <a href=\"https:\/\/twitter.com\/PeimbertArturo?ref_src=twsrc%5Etfw\">@PeimbertArturo<\/a>, pide ayuda a la v\u00edctima, Mar\u00eda Elena R., para que le indique qu\u00e9 hacer con el caso. Aqu\u00ed la versi\u00f3n: <a href=\"https:\/\/t.co\/nFQJeoMRE0\">pic.twitter.com\/nFQJeoMRE0<\/a><\/p>&mdash; Zona Roja Oaxaca (@Zona_Roja_Oax) <a href=\"https:\/\/twitter.com\/Zona_Roja_Oax\/status\/1440517399472533507?ref_src=twsrc%5Etfw\">22 de septiembre de 2021<\/a><\/blockquote><\/div>\n<\/div><\/figure>\n\n\n\n<p>Aunque dijeron desconocer los delitos por los cuales se les investigaba, asimismo llamaron al titular de la dependencia a enfocarse en casos \u201creales\u201d de violencia contra mujeres y no obstaculizar el trabajo que el colectivo realiza.<\/p>\n\n\n\n<p>De audio de la saxofonista Mar\u00eda Elena R. O., difundido hoy, no dieron a conocer el origen ni la forma en que la obtuvieron.<\/p>\n\n\n\n<p>Sin embargo, informaron que lo dieron a conocer para poner un ejemplo de un fiscal que no sabe qu\u00e9 hacer con el caso.<\/p>\n\n\n\n<p>Rechazaron adem\u00e1s los se\u00f1alamientos contra el colectivo para defender a los agresores de la saxofonista y aseguraron que la labor para la cual fue creado, es para brindar acompa\u00f1amiento a mujeres v\u00edctimas de violencia Machista de las instancias de justicia como la Fiscal\u00eda General.<\/p>\n","protected":false},"excerpt":{"rendered":"<p>Ismael Garc\u00eda M.\/Zona Roja. Oaxaca de Ju\u00e1rez, Oax., 21 de septiembre de 2021.- \u201cPorque se&hellip;<\/p>\n","protected":false},"author":2,"featured_media":32309,"comment_status":"closed","ping_status":"open","sticky":false,"template":"","format":"standard","meta":{"_lmt_disableupdate":"","_lmt_disable":"","_jetpack_memberships_contains_paid_content":false,"footnotes":""},"categories":[109,47],"tags":[2875],"class_list":["post-32308","post","type-post","status-publish","format-standard","has-post-thumbnail","hentry","category-minuto-a-minuto","category-zona-gris","tag-colectivo-violencia-por-ser-mujer-2"],"jetpack_featured_media_url":"https:\/\/zonaroja.com.mx\/wp-content\/uploads\/2021\/09\/Colectivo-Violencia-por-ser-Mujer-conferencia.jpg","jetpack_sharing_enabled":true,"_links":{"self":[{"href":"https:\/\/zonaroja.com.mx\/index.php?rest_route=\/wp\/v2\/posts\/32308","targetHints":{"allow":["GET"]}}],"collection":[{"href":"https:\/\/zonaroja.com.mx\/index.php?rest_route=\/wp\/v2\/posts"}],"about":[{"href":"https:\/\/zonaroja.com.mx\/index.php?rest_route=\/wp\/v2\/types\/post"}],"author":[{"embeddable":true,"href":"https:\/\/zonaroja.com.mx\/index.php?rest_route=\/wp\/v2\/users\/2"}],"replies":[{"embeddable":true,"href":"https:\/\/zonaroja.com.mx\/index.php?rest_route=%2Fwp%2Fv2%2Fcomments&post=32308"}],"version-history":[{"count":1,"href":"https:\/\/zonaroja.com.mx\/index.php?rest_route=\/wp\/v2\/posts\/32308\/revisions"}],"predecessor-version":[{"id":32310,"href":"https:\/\/zonaroja.com.mx\/index.php?rest_route=\/wp\/v2\/posts\/32308\/revisions\/32310"}],"wp:featuredmedia":[{"embeddable":true,"href":"https:\/\/zonaroja.com.mx\/index.php?rest_route=\/wp\/v2\/media\/32309"}],"wp:attachment":[{"href":"https:\/\/zonaroja.com.mx\/index.php?rest_route=%2Fwp%2Fv2%2Fmedia&parent=32308"}],"wp:term":[{"taxonomy":"category","embeddable":true,"href":"https:\/\/zonaroja.com.mx\/index.php?rest_route=%2Fwp%2Fv2%2Fcategories&post=32308"},{"taxonomy":"post_tag","embeddable":true,"href":"https:\/\/zonaroja.com.mx\/index.php?rest_route=%2Fwp%2Fv2%2Ftags&post=32308"}],"curies":[{"name":"wp","href":"https:\/\/api.w.org\/{rel}","templated":true}]}}