{"id":3232,"date":"2019-08-20T18:01:26","date_gmt":"2019-08-20T23:01:26","guid":{"rendered":"http:\/\/www.zonaroja.com.mx\/?p=3232"},"modified":"2019-08-20T18:01:29","modified_gmt":"2019-08-20T23:01:29","slug":"por-riesgo-de-retencion-desiste-gobernador-de-acudir-a-ayutla-mixe","status":"publish","type":"post","link":"https:\/\/zonaroja.com.mx\/?p=3232","title":{"rendered":"Por riesgo de retenci\u00f3n, desiste gobernador de acudir a Ayutla Mixe"},"content":{"rendered":"\n<p>Ismael Garc\u00eda\/Zona Roja.<\/p>\n\n\n\n<p>Oaxaca de Ju\u00e1rez, Oax., 20 de agosto de\n2019.- Ante los riesgos de ser retenido por los pobladores, el gobernador\nAlejandro Murat Hinojosa desisti\u00f3 de acudir este martes a San Pedro y San Pablo\nAyutla Mixe, como lo hab\u00eda anunciado ayer.<\/p>\n\n\n\n<p>En lugar de ello, con una hora de\nretraso de la hora citada, ofreci\u00f3 hoy una conferencia de prensa en que no\nacept\u00f3 preguntas y detall\u00f3 las pretensiones de ese municipio y de Tamazul\u00e1pam\ndel Esp\u00edritu Santo.<\/p>\n\n\n\n<p>Se deslind\u00f3 asimismo de la\nresponsabilidad en la soluci\u00f3n del problema agrario y de dotaci\u00f3n de agua\npotable:<\/p>\n\n\n\n<p>\u201cEl gobernador y el gobierno federal\nrepresentado por la delegada (Nancy Ortiz) son intermediarios, no parte del\ndiferendo, por lo que reiteramos nuestro compromiso incondicional para\npropiciar la soluci\u00f3n\u201d.<\/p>\n\n\n\n<p>Indic\u00f3 que durante dos a\u00f1os se han firmado 62 minutas de trabajo pero no se ha podido llegar a un acuerdo definitivo. Ambos municipios tienen ocho asignaciones cada uno para uso p\u00fablico urbano del vital l\u00edquido.<\/p>\n\n\n\n<figure class=\"wp-block-embed-twitter wp-block-embed is-type-rich is-provider-twitter\"><div class=\"wp-block-embed__wrapper\">\n<div class=\"twitter-tweet\"><blockquote class=\"twitter-tweet\" data-lang=\"es\"><p lang=\"es\" dir=\"ltr\"><a href=\"https:\/\/twitter.com\/hashtag\/OaxacaGris?src=hash&amp;ref_src=twsrc%5Etfw\">#OaxacaGris<\/a><br>(3) Los gobiernos estatal y federal son intermediarios, no parte del conflicto entre Ayutla y Tamazul\u00e1pam Mixe, dijo el gobernador <a href=\"https:\/\/twitter.com\/alejandromurat?ref_src=twsrc%5Etfw\">@alejandromurat<\/a>, quien no inform\u00f3 por qu\u00e9 no acudi\u00f3 hoy a Ayutla, como se hab\u00eda comprometido. <a href=\"https:\/\/t.co\/GwpazhDJQb\">pic.twitter.com\/GwpazhDJQb<\/a><\/p>&mdash; Zona Roja Oaxaca (@MexRoja) <a href=\"https:\/\/twitter.com\/MexRoja\/status\/1163859001861464064?ref_src=twsrc%5Etfw\">20 de agosto de 2019<\/a><\/blockquote><\/div>\n<\/div><\/figure>\n\n\n\n<p>Tras una reuni\u00f3n de varias horas ayer,\ncada parte estableci\u00f3 sus condiciones; en el caso de Ayutla pidi\u00f3 la conexi\u00f3n\ninmediata al manantial, sin condiciones, as\u00ed como restituci\u00f3n de 25 predios en\npoder del municipio con quien mantienen disputas.<\/p>\n\n\n\n<p>En tanto, Tamazul\u00e1pam pidi\u00f3 que Ayutla\nse desista del amparo que interpuso por el cual les impiden reconectarse al\nmanantial; la conexi\u00f3n debe ser inmediata y de manera simult\u00e1nea y que la\ninfraestructura hidr\u00e1ulica deber\u00e1 operar por gravedad y no mediante c\u00e1rcamo,\ncomo lo propone Ayutla.<\/p>\n\n\n\n<p>Expuso continuar\u00e1 la mesa de di\u00e1logo\nhasta en tanto ambos pueblos acepten llegar a un acuerdo.<\/p>\n\n\n\n<p>El pasado s\u00e1bado, cuando el Presidente\nAndr\u00e9s Manuel L\u00f3pez Obrador regresaba de visitar Villa Alta, junto con el\nmandatario, fue retenido por m\u00e1s de media hora en Ayutla Mixe, cuyos pobladores\nle pidieron entre l\u00e1grimas su intervenci\u00f3n para solucionar el problema.<\/p>\n\n\n\n<p>El titular del Ejecutivo federal\ncomprometi\u00f3 que Murat Hinojosa lo resolver\u00eda, caso contrario intervendr\u00eda la\nSecretar\u00eda de Gobernaci\u00f3n.<\/p>\n","protected":false},"excerpt":{"rendered":"<p>Ismael Garc\u00eda\/Zona Roja. Oaxaca de Ju\u00e1rez, Oax., 20 de agosto de 2019.- Ante los riesgos&hellip;<\/p>\n","protected":false},"author":2,"featured_media":3233,"comment_status":"closed","ping_status":"open","sticky":false,"template":"","format":"standard","meta":{"_lmt_disableupdate":"","_lmt_disable":"","_jetpack_memberships_contains_paid_content":false,"footnotes":""},"categories":[109,51],"tags":[356,501,587],"class_list":["post-3232","post","type-post","status-publish","format-standard","has-post-thumbnail","hentry","category-minuto-a-minuto","category-zona-roja","tag-conflicto-san-pedro-y-san-pablo-ayutla-y-tamazulapam-del-espiritu-santo","tag-san-pedro-y-san-pablo-ayutla-mixe","tag-tamazulapam-del-espiritu-santo"],"jetpack_featured_media_url":"https:\/\/zonaroja.com.mx\/wp-content\/uploads\/2019\/08\/Conferencia-Alejandro-Murat.jpg","jetpack_sharing_enabled":true,"_links":{"self":[{"href":"https:\/\/zonaroja.com.mx\/index.php?rest_route=\/wp\/v2\/posts\/3232","targetHints":{"allow":["GET"]}}],"collection":[{"href":"https:\/\/zonaroja.com.mx\/index.php?rest_route=\/wp\/v2\/posts"}],"about":[{"href":"https:\/\/zonaroja.com.mx\/index.php?rest_route=\/wp\/v2\/types\/post"}],"author":[{"embeddable":true,"href":"https:\/\/zonaroja.com.mx\/index.php?rest_route=\/wp\/v2\/users\/2"}],"replies":[{"embeddable":true,"href":"https:\/\/zonaroja.com.mx\/index.php?rest_route=%2Fwp%2Fv2%2Fcomments&post=3232"}],"version-history":[{"count":1,"href":"https:\/\/zonaroja.com.mx\/index.php?rest_route=\/wp\/v2\/posts\/3232\/revisions"}],"predecessor-version":[{"id":3234,"href":"https:\/\/zonaroja.com.mx\/index.php?rest_route=\/wp\/v2\/posts\/3232\/revisions\/3234"}],"wp:featuredmedia":[{"embeddable":true,"href":"https:\/\/zonaroja.com.mx\/index.php?rest_route=\/wp\/v2\/media\/3233"}],"wp:attachment":[{"href":"https:\/\/zonaroja.com.mx\/index.php?rest_route=%2Fwp%2Fv2%2Fmedia&parent=3232"}],"wp:term":[{"taxonomy":"category","embeddable":true,"href":"https:\/\/zonaroja.com.mx\/index.php?rest_route=%2Fwp%2Fv2%2Fcategories&post=3232"},{"taxonomy":"post_tag","embeddable":true,"href":"https:\/\/zonaroja.com.mx\/index.php?rest_route=%2Fwp%2Fv2%2Ftags&post=3232"}],"curies":[{"name":"wp","href":"https:\/\/api.w.org\/{rel}","templated":true}]}}