{"id":32320,"date":"2021-09-22T08:01:49","date_gmt":"2021-09-22T13:01:49","guid":{"rendered":"http:\/\/www.zonaroja.com.mx\/?p=32320"},"modified":"2021-09-22T08:01:52","modified_gmt":"2021-09-22T13:01:52","slug":"opinion-la-cosecha-de-exgobernadores","status":"publish","type":"post","link":"https:\/\/zonaroja.com.mx\/?p=32320","title":{"rendered":"Opini\u00f3n. La cosecha de exgobernadores"},"content":{"rendered":"\n<p>Gibr\u00e1n Ram\u00edrez Reyes*<\/p>\n\n\n\n<p>En otro espacio dije que viv\u00edamos una situaci\u00f3n de empate, pues ni el bloque del gobierno ni aquel de la oposici\u00f3n tienen en este momento capacidad para hacer avanzar su agenda \u2014en el caso de la reacci\u00f3n ni siquiera tiene una agenda, pero conserva poder de veto para las reformas constitucionales.<\/p>\n\n\n\n<p>En el caso del bloque de la transformaci\u00f3n, tendr\u00eda que pactar con parte del PRI para que las reformas constitucionales pendientes avancen. En un escenario de mayor fricci\u00f3n y estridencia verbal, el presidente ha vuelto a tomar una opci\u00f3n contraintuitiva.<\/p>\n\n\n\n<p>Entre la movilizaci\u00f3n para doblegar a la oposici\u00f3n y la par\u00e1lisis institucional que los n\u00fameros permiten, el presidente opt\u00f3 por un punto medio, de seducci\u00f3n, cooptaci\u00f3n y concordia que ha sumido a la reacci\u00f3n en un profundo desconcierto, al grado de que S\u00ed Por M\u00e9xico opt\u00f3 por rechazar el ejercicio de revocaci\u00f3n de mandato en lugar de aprovechar la \u00fanica causa com\u00fan de movilizaci\u00f3n posible ahora a su alcance; han entendido que la \u00fanica forma que tienen para no perder electoralmente contra el presidente de M\u00e9xico es no presentarse a elecciones \u2014es decir, rendirse de antemano.<\/p>\n\n\n\n<p>Hay al menos dos se\u00f1ales de esta estrategia: la primera es el nombramiento de Ad\u00e1n Augusto L\u00f3pez al frente de Segob y el estilo con el que se ha conducido, dialogando incluso con opositores tan estridentes y cuestionados como el gobernador de Tamaulipas; la segunda, la cosecha de exgobernadores.<\/p>\n\n\n\n<p>Todos los partidos pol\u00edticos est\u00e1n en crisis, en un extrav\u00edo ideol\u00f3gico, program\u00e1tico y organizativo. El mejor ejemplo es sin duda Morena, que depende de Andr\u00e9s Manuel L\u00f3pez Obrador absolutamente: de ah\u00ed sale el discurso, las causas, las formas.<\/p>\n\n\n\n<p>Sucede lo mismo en los otros partidos, pero con personajes de menor tama\u00f1o. Su carta de presentaci\u00f3n, m\u00e1s all\u00e1 de sus documentos program\u00e1ticos o de sus posturas institucionales, son los personajes y algunas experiencias exitosas en gobiernos y en los par\u00e1metros mexicanos una experiencia exitosa puede ser algo muy modesto, como no haber exagerado al hacer negocios, no haber sido conocido por alg\u00fan esc\u00e1ndalo de corrupci\u00f3n probado, impulsar algunas pol\u00edticas que no resulten fallidas.<\/p>\n\n\n\n<p>Ese es el caso de Quirino Ordaz Coppel y Antonio Echevarr\u00eda, los gobernadores de Sinaloa y Nayarit que el presidente L\u00f3pez Obrador invit\u00f3 a su equipo. Tienen en com\u00fan ser hombres ricos, empresarios metidos a la pol\u00edtica, pero tambi\u00e9n que consiguieron pacificar relativamente sus estados, sac\u00e1ndolos de los puestos m\u00e1s ominosos de incidencia delictiva.<\/p>\n\n\n\n<p>Se trata, adem\u00e1s, de gobernadores que se portaron bien con el gobierno federal, que destacaron siempre la utilidad de los mecanismos de coordinaci\u00f3n (nos coordinamos mejor que con Pe\u00f1a Nieto, dijo en su momento Quirino Ordaz).<\/p>\n\n\n\n<p>En el caso del de Nayarit, su padre fue impulsado a la gubernatura por la alianza PT-PAN-PRD-PRS cuando L\u00f3pez Obrador dirig\u00eda al PRD. En resumen, Ordaz y Echevarr\u00eda son representantes de causas muy caras al coraz\u00f3n de la derecha, como el orden y el desarrollo econ\u00f3mico, relativamente prestigiados, que se portaron bien con el gobierno y que entregaron el poder a Morena.<\/p>\n\n\n\n<p>En su af\u00e1n de desfondar a los de por s\u00ed desvencijados PAN y PRI, el presidente va ahora por los dirigentes significativos y la base social de la derecha.<\/p>\n\n\n\n<p>*Doctor en ciencia pol\u00edtica por la UNAM.<\/p>\n","protected":false},"excerpt":{"rendered":"<p>Gibr\u00e1n Ram\u00edrez Reyes* En otro espacio dije que viv\u00edamos una situaci\u00f3n de empate, pues ni&hellip;<\/p>\n","protected":false},"author":2,"featured_media":24099,"comment_status":"closed","ping_status":"open","sticky":false,"template":"","format":"standard","meta":{"_lmt_disableupdate":"","_lmt_disable":"","_jetpack_memberships_contains_paid_content":false,"footnotes":""},"categories":[456,109],"tags":[2489],"class_list":["post-32320","post","type-post","status-publish","format-standard","has-post-thumbnail","hentry","category-columna","category-minuto-a-minuto","tag-gibran-ramirez-reyes"],"jetpack_featured_media_url":"https:\/\/zonaroja.com.mx\/wp-content\/uploads\/2021\/02\/Gibran-Ramirez-Reyes.jpg","jetpack_sharing_enabled":true,"_links":{"self":[{"href":"https:\/\/zonaroja.com.mx\/index.php?rest_route=\/wp\/v2\/posts\/32320","targetHints":{"allow":["GET"]}}],"collection":[{"href":"https:\/\/zonaroja.com.mx\/index.php?rest_route=\/wp\/v2\/posts"}],"about":[{"href":"https:\/\/zonaroja.com.mx\/index.php?rest_route=\/wp\/v2\/types\/post"}],"author":[{"embeddable":true,"href":"https:\/\/zonaroja.com.mx\/index.php?rest_route=\/wp\/v2\/users\/2"}],"replies":[{"embeddable":true,"href":"https:\/\/zonaroja.com.mx\/index.php?rest_route=%2Fwp%2Fv2%2Fcomments&post=32320"}],"version-history":[{"count":1,"href":"https:\/\/zonaroja.com.mx\/index.php?rest_route=\/wp\/v2\/posts\/32320\/revisions"}],"predecessor-version":[{"id":32321,"href":"https:\/\/zonaroja.com.mx\/index.php?rest_route=\/wp\/v2\/posts\/32320\/revisions\/32321"}],"wp:featuredmedia":[{"embeddable":true,"href":"https:\/\/zonaroja.com.mx\/index.php?rest_route=\/wp\/v2\/media\/24099"}],"wp:attachment":[{"href":"https:\/\/zonaroja.com.mx\/index.php?rest_route=%2Fwp%2Fv2%2Fmedia&parent=32320"}],"wp:term":[{"taxonomy":"category","embeddable":true,"href":"https:\/\/zonaroja.com.mx\/index.php?rest_route=%2Fwp%2Fv2%2Fcategories&post=32320"},{"taxonomy":"post_tag","embeddable":true,"href":"https:\/\/zonaroja.com.mx\/index.php?rest_route=%2Fwp%2Fv2%2Ftags&post=32320"}],"curies":[{"name":"wp","href":"https:\/\/api.w.org\/{rel}","templated":true}]}}