{"id":32326,"date":"2021-09-22T13:55:25","date_gmt":"2021-09-22T18:55:25","guid":{"rendered":"https:\/\/www.zonaroja.com.mx\/?p=32326"},"modified":"2021-09-22T13:55:28","modified_gmt":"2021-09-22T18:55:28","slug":"niega-toro-ferrer-participacion-alguna-en-homicidio-de-magistrado","status":"publish","type":"post","link":"https:\/\/zonaroja.com.mx\/?p=32326","title":{"rendered":"Niega Toro Ferrer participaci\u00f3n alguna en homicidio de magistrado"},"content":{"rendered":"\n<p>Evlin Arag\u00f3n\/Zona Roja.&nbsp;<\/p>\n\n\n\n<p>&nbsp;Oaxaca de Ju\u00e1rez, Oax.. 22 de septiembre de 2021.-&nbsp;Abogados de Enrique Toro Ferrer, hoy detenido por el delito de despojo agravado, negaron que su representado se encuentre involucrado en la muerte del magistrado Enrique Pacheco Mart\u00ednez, tal y como se ventil\u00f3 en una nota del diario de circulaci\u00f3n nacional, \u201cExc\u00e9lsior\u201d.&nbsp;<\/p>\n\n\n\n<p>Mediante la lectura de una carta escrita por el exsubprocurador, explicaron que nunca hubo alg\u00fan conflicto o enemistad entre ambos personajes y mucho menos acuerdos de car\u00e1cter econ\u00f3mico, como se ha dicho.&nbsp;&nbsp;<\/p>\n\n\n\n<p>\u201cContrariamente a lo que se\u00f1ala una nota period\u00edstica, mi relaci\u00f3n con el magistrado fue siempre de respeto y de una gran cordialidad, nunca tuvimos una dificultad ni siquiera una discrepancia. Tampoco tuvimos una relaci\u00f3n de negocios y nunca recib\u00ed de \u00e9l ning\u00fan dinero, ni el recibi\u00f3 de mi cantidad alguna\u201d, cita la carta firmada por Toro Ferrer.&nbsp;<\/p>\n\n\n\n<p>En conferencia de prensa, el grupo de abogados detall\u00f3 que el magistrado Enrique Pacheco Mart\u00ednez nunca fue ponente en ning\u00fan asunto en el que participara como abogado postulante el hoy detenido, por el contrario, sosten\u00edan una relaci\u00f3n de amistad e incluso de compadrazgo.&nbsp;<\/p>\n\n\n\n<p>As\u00ed mismo negaron que su cliente conociera a Aurelio Torres y Mayra Erica Torres, exsuegro y exesposa del magistrado, respectivamente, a quienes tambi\u00e9n se vinculan en las amenazas de muerte que recibi\u00f3 Pacheco Mart\u00ednez previo a su ejecuci\u00f3n en la capital oaxaque\u00f1a.&nbsp;<\/p>\n\n\n\n<p>Por el contrario, y haciendo eco de la voz de su representado, se pronunciaron por una investigaci\u00f3n exhaustiva y objetiva del caso por parte de la Fiscal\u00eda de Oaxaca, a fin de que se pueda dar con el paradero de los autores intelectuales y materiales del hecho.&nbsp;<\/p>\n\n\n\n<p>De acuerdo con el grupo colegiado, la nota informativa tiene el inter\u00e9s de da\u00f1ar la imagen de Enrique Toro Ferrer, sin embargo, desconocen quienes puedan estar detr\u00e1s de dicha campa\u00f1a de desprestigio la cual, aunque carece de valor jur\u00eddico han querido aclarar la situaci\u00f3n a nivel social.&nbsp;<\/p>\n\n\n\n<p>Finalmente, los abogados insistieron en que su representado es inocente del delito de despojo agravado acusaciones por las que, desde mayo pasado, se encuentra en prisi\u00f3n preventiva y enfrenta tres procesos jur\u00eddicos, a\u00fan sin sentencia condenatoria.&nbsp;&nbsp;<\/p>\n\n\n\n<p>Una de las denuncias es del caricaturista, Jos\u00e9 L\u00f3pez Bola\u00f1os, por una propiedad en litigio, ubicada en la calle de Allende esquina con Porfirio D\u00edaz, en el Centro Hist\u00f3rico.  <\/p>\n","protected":false},"excerpt":{"rendered":"<p>Evlin Arag\u00f3n\/Zona Roja.&nbsp; &nbsp;Oaxaca de Ju\u00e1rez, Oax.. 22 de septiembre de 2021.-&nbsp;Abogados de Enrique Toro&hellip;<\/p>\n","protected":false},"author":2,"featured_media":32325,"comment_status":"closed","ping_status":"open","sticky":false,"template":"","format":"standard","meta":{"_lmt_disableupdate":"","_lmt_disable":"","_jetpack_memberships_contains_paid_content":false,"footnotes":""},"categories":[109,47],"tags":[2665],"class_list":["post-32326","post","type-post","status-publish","format-standard","has-post-thumbnail","hentry","category-minuto-a-minuto","category-zona-gris","tag-enrique-toro-ferrer"],"jetpack_featured_media_url":"https:\/\/zonaroja.com.mx\/wp-content\/uploads\/2021\/09\/96ded5a8-b430-46da-9a0f-fe33fc5764a0.jpg","jetpack_sharing_enabled":true,"_links":{"self":[{"href":"https:\/\/zonaroja.com.mx\/index.php?rest_route=\/wp\/v2\/posts\/32326","targetHints":{"allow":["GET"]}}],"collection":[{"href":"https:\/\/zonaroja.com.mx\/index.php?rest_route=\/wp\/v2\/posts"}],"about":[{"href":"https:\/\/zonaroja.com.mx\/index.php?rest_route=\/wp\/v2\/types\/post"}],"author":[{"embeddable":true,"href":"https:\/\/zonaroja.com.mx\/index.php?rest_route=\/wp\/v2\/users\/2"}],"replies":[{"embeddable":true,"href":"https:\/\/zonaroja.com.mx\/index.php?rest_route=%2Fwp%2Fv2%2Fcomments&post=32326"}],"version-history":[{"count":1,"href":"https:\/\/zonaroja.com.mx\/index.php?rest_route=\/wp\/v2\/posts\/32326\/revisions"}],"predecessor-version":[{"id":32327,"href":"https:\/\/zonaroja.com.mx\/index.php?rest_route=\/wp\/v2\/posts\/32326\/revisions\/32327"}],"wp:featuredmedia":[{"embeddable":true,"href":"https:\/\/zonaroja.com.mx\/index.php?rest_route=\/wp\/v2\/media\/32325"}],"wp:attachment":[{"href":"https:\/\/zonaroja.com.mx\/index.php?rest_route=%2Fwp%2Fv2%2Fmedia&parent=32326"}],"wp:term":[{"taxonomy":"category","embeddable":true,"href":"https:\/\/zonaroja.com.mx\/index.php?rest_route=%2Fwp%2Fv2%2Fcategories&post=32326"},{"taxonomy":"post_tag","embeddable":true,"href":"https:\/\/zonaroja.com.mx\/index.php?rest_route=%2Fwp%2Fv2%2Ftags&post=32326"}],"curies":[{"name":"wp","href":"https:\/\/api.w.org\/{rel}","templated":true}]}}