{"id":32329,"date":"2021-09-22T15:51:26","date_gmt":"2021-09-22T20:51:26","guid":{"rendered":"https:\/\/www.zonaroja.com.mx\/?p=32329"},"modified":"2021-09-22T15:51:30","modified_gmt":"2021-09-22T20:51:30","slug":"arrecia-protestas-personal-de-salud-eventual-en-exigencia-de-recontratacion","status":"publish","type":"post","link":"https:\/\/zonaroja.com.mx\/?p=32329","title":{"rendered":"Arrecia protestas personal de salud eventual, en exigencia de recontrataci\u00f3n"},"content":{"rendered":"\n<p>Evlin Arag\u00f3n\/Zona Roja. <\/p>\n\n\n\n<p>Oaxaca de Ju\u00e1rez, Oax., 22 de septiembre de 2021.- Personal de eventual no recontratado por los Servicios de Salud de Oaxaca (SSO), intensific\u00f3 desde temprana hora de este mi\u00e9rcoles sus protestas y anunci\u00f3 un \u201cplant\u00f3n\u201d en el z\u00f3calo de la ciudad, para exigir nuevamente su recontrataci\u00f3n inmediata y la certeza laboral que merecen despu\u00e9s de brindar el servicio m\u00e9dico durante la pandemia y previo a ella.  <\/p>\n\n\n\n<p>Lo anterior en espera que se concretara la presencia de los titulares de Instituto de Salud para el Bienestar (lnsabI) y el Instituto Mexicano del Seguro Social (IMSS), Juan Antonio Ferrer y Zo\u00e9 Robledo Aburto, respectivamente, anunciada para este d\u00eda en la capital oaxaque\u00f1a, con el fin de dar atenci\u00f3n y respuesta a la problem\u00e1tica que vive el sector salud. <\/p>\n\n\n\n<p>Desde temprana y como lo han hecho desde la tarde de este martes, personal m\u00e9dico que anteriormente se encontraba adscrito al Hospital de la Ni\u00f1ez Oaxaque\u00f1a, se instal\u00f3 en el Paseo Ju\u00e1rez \u201cEl Llano\u201d para brindar atenci\u00f3n m\u00e9dica gratuita a la poblaci\u00f3n que as\u00ed lo requiera. <\/p>\n\n\n\n<p>Alejados del grupo mayoritario, trabajando y brindando servicio sin costo, es como han decidido protestar por el despido injustificado del que recientemente fueron v\u00edctimas y que afecta a la poblaci\u00f3n infantil que recibe sus tratamientos al interior del nosocomio, mismos que se han visto reducidos de manera considerable. <br>Mientras que otros grupos de manifestantes hicieron presencia en los cruceros del estadio de beisbol \u201cEduardo Vasconcelos\u201d y de la calzada H\u00e9roes de Chapultepec con Ju\u00e1rez, lugares en donde aprovecharon el alto de los sem\u00e1foros para hacer evidente su denuncia y demanda.  <\/p>\n\n\n\n<p>\u201cGobierno escucha: el eventual en pie de lucha\u201d, \u201cSi ayer fui h\u00e9roe \u00bfpor qu\u00e9 hoy me despides?\u201d, \u201cAMLO no nos olvides, exigimos estabilidad laboral\u201d, fueron parte de las consignas que se pod\u00edan leer en las cartulinas con las que realizaron su protesta.  <\/p>\n\n\n\n<p>Por su parte, otro grupo se reuni\u00f3 desde  n inmediaciones de la fuente de las Ocho Regiones para salir en marcha por las principales calles de la ciudad, sin embargo, la poca convocatoria ocasion\u00f3 que la movilizaci\u00f3n se realizar\u00e1 despu\u00e9s de las diez de la ma\u00f1ana. <\/p>\n\n\n\n<p>Previo a su actividad y aunque desconoc\u00edan los detalles de la reuni\u00f3n de alto nivel que se prev\u00e9, aseguraron que esperan una respuesta contundente a su principal demanda derivado de la presencia del funcionariado federal, tal y como lo expuso Nadia Mart\u00ednez Esperanza, representante del Frente Nacional de Trabajadores de Salud en la Rep\u00fablica Mexicana, Secci\u00f3n Oaxaca.  <\/p>\n\n\n\n<p>Ante la pregunta expresa de si aceptar\u00edan ser contratados por el InsabI, pero asignados a municipios de alta marginaci\u00f3n, la dirigente sindical asegur\u00f3 que lo \u00fanico que buscan es estabilidad laboral por lo que cada uno de los trabajadores y trabajadoras decidir\u00e1 si acepta o no.  <\/p>\n\n\n\n<p>Las protestas del personal de salud incluyeron un bloqueos viales en la calle de Pino Suarez, a la altura de un conocido hotel; as\u00ed como en el Centro Cultural y de Convenciones de Oaxaca, donde se presum\u00eda que se llevar\u00eda a cabo la reuni\u00f3n entre las \u00e1reas de salud a nivel estatal y federal.  <\/p>\n\n\n\n<p>En todos los puntos de acci\u00f3n el personal despedido de los SSO exigi\u00f3 su recontrataci\u00f3n inmediata y el respeto a sus derechos laborales ya que aseguran la mayor\u00eda cuenta con a\u00f1os de antig\u00fcedad, a pesar de haber sido contratados en modalidad de eventual. <\/p>\n","protected":false},"excerpt":{"rendered":"<p>Evlin Arag\u00f3n\/Zona Roja. Oaxaca de Ju\u00e1rez, Oax., 22 de septiembre de 2021.- Personal de eventual&hellip;<\/p>\n","protected":false},"author":2,"featured_media":32328,"comment_status":"closed","ping_status":"open","sticky":false,"template":"","format":"standard","meta":{"_lmt_disableupdate":"","_lmt_disable":"","_jetpack_memberships_contains_paid_content":false,"footnotes":""},"categories":[109,47],"tags":[1005],"class_list":["post-32329","post","type-post","status-publish","format-standard","has-post-thumbnail","hentry","category-minuto-a-minuto","category-zona-gris","tag-servicios-de-salud-de-oaxaca-sso"],"jetpack_featured_media_url":"https:\/\/zonaroja.com.mx\/wp-content\/uploads\/2021\/09\/318ea6c5-b29e-4823-b1c4-691b249fe437.jpg","jetpack_sharing_enabled":true,"_links":{"self":[{"href":"https:\/\/zonaroja.com.mx\/index.php?rest_route=\/wp\/v2\/posts\/32329","targetHints":{"allow":["GET"]}}],"collection":[{"href":"https:\/\/zonaroja.com.mx\/index.php?rest_route=\/wp\/v2\/posts"}],"about":[{"href":"https:\/\/zonaroja.com.mx\/index.php?rest_route=\/wp\/v2\/types\/post"}],"author":[{"embeddable":true,"href":"https:\/\/zonaroja.com.mx\/index.php?rest_route=\/wp\/v2\/users\/2"}],"replies":[{"embeddable":true,"href":"https:\/\/zonaroja.com.mx\/index.php?rest_route=%2Fwp%2Fv2%2Fcomments&post=32329"}],"version-history":[{"count":1,"href":"https:\/\/zonaroja.com.mx\/index.php?rest_route=\/wp\/v2\/posts\/32329\/revisions"}],"predecessor-version":[{"id":32330,"href":"https:\/\/zonaroja.com.mx\/index.php?rest_route=\/wp\/v2\/posts\/32329\/revisions\/32330"}],"wp:featuredmedia":[{"embeddable":true,"href":"https:\/\/zonaroja.com.mx\/index.php?rest_route=\/wp\/v2\/media\/32328"}],"wp:attachment":[{"href":"https:\/\/zonaroja.com.mx\/index.php?rest_route=%2Fwp%2Fv2%2Fmedia&parent=32329"}],"wp:term":[{"taxonomy":"category","embeddable":true,"href":"https:\/\/zonaroja.com.mx\/index.php?rest_route=%2Fwp%2Fv2%2Fcategories&post=32329"},{"taxonomy":"post_tag","embeddable":true,"href":"https:\/\/zonaroja.com.mx\/index.php?rest_route=%2Fwp%2Fv2%2Ftags&post=32329"}],"curies":[{"name":"wp","href":"https:\/\/api.w.org\/{rel}","templated":true}]}}