{"id":32331,"date":"2021-09-22T18:25:51","date_gmt":"2021-09-22T23:25:51","guid":{"rendered":"http:\/\/www.zonaroja.com.mx\/?p=32331"},"modified":"2021-09-22T18:25:55","modified_gmt":"2021-09-22T23:25:55","slug":"avala-congreso-ratificacion-de-dos-magistrados-y-rechaza-un-caso","status":"publish","type":"post","link":"https:\/\/zonaroja.com.mx\/?p=32331","title":{"rendered":"Avala Congreso ratificaci\u00f3n de dos magistrados y rechaza un caso"},"content":{"rendered":"\n<p>Redacci\u00f3n\/Zona Roja.<\/p>\n\n\n\n<p>Oaxaca de Ju\u00e1rez, Oax., 22 de septiembre de 2021.- En sesi\u00f3n extraordinaria, luego de concluir la asamblea ordinaria, el pleno del Congreso del Estado de Oaxaca rechaz\u00f3 con 32 votos, la ratificaci\u00f3n de Ana Mireya Santos L\u00f3pez y Ren\u00e9 Hern\u00e1ndez Reyes como magistrados del Poder Judicial.<\/p>\n\n\n\n<p>En tanto, con 31 votos, aval\u00f3 respaldar la ratificaci\u00f3n del magistrado Luis Enrique Cordero Aguilar.<\/p>\n\n\n\n<p>Ello tras la pol\u00e9mica en la ratificaci\u00f3n de un total de seis magistrados \u2013tres de los cuales desistieron&#8211;, por parte de grupos en el interior del Poder Legislativo y en el Ejecutivo, que ha derivado incluso en denuncias y amparos ante tribunales federales.<\/p>\n\n\n\n<figure class=\"wp-block-embed-twitter wp-block-embed is-type-rich is-provider-twitter\"><div class=\"wp-block-embed__wrapper\">\n<div class=\"twitter-tweet\"><blockquote class=\"twitter-tweet\" data-lang=\"es\"><p lang=\"es\" dir=\"ltr\"><a href=\"https:\/\/twitter.com\/hashtag\/%C3%9AltimoMinuto?src=hash&amp;ref_src=twsrc%5Etfw\">#\u00daltimoMinuto<\/a><br>En sesi\u00f3n extraordinaria, el pleno del <a href=\"https:\/\/twitter.com\/CongresoOaxLXIV?ref_src=twsrc%5Etfw\">@CongresoOaxLXIV<\/a> aprob\u00f3 con 32 votos la no ratificaci\u00f3n en el cargo de los magistrados Ana Mireya Santos L\u00f3pez y Ren\u00e9 Hern\u00e1ndez Reyes; en tanto, aval\u00f3 la ratificaci\u00f3n de Luis Enrique Cordero Aguilar, con 31 votos. <a href=\"https:\/\/t.co\/oAbbjL0mbE\">pic.twitter.com\/oAbbjL0mbE<\/a><\/p>&mdash; Zona Roja Oaxaca (@Zona_Roja_Oax) <a href=\"https:\/\/twitter.com\/Zona_Roja_Oax\/status\/1440812929985630210?ref_src=twsrc%5Etfw\">22 de septiembre de 2021<\/a><\/blockquote><\/div>\n<\/div><\/figure>\n\n\n\n<p>Asimismo, origin\u00f3 pugnas entre grupos de diputados, que incluso expusieron sus diferencias en sesiones recientes del Congreso local.<\/p>\n\n\n\n<p>Tras ello, ser\u00e1 el titular del Ejecutivo, Alejandro Murat, quien proponga la terna para ocupar las dos vacantes, mismas que ser\u00e1 revisada y en su caso aprobada por el pleno del Congreso.<\/p>\n\n\n\n<p>BAJA SANCI\u00d3N<\/p>\n\n\n\n<p>Por otra parte, con 31 votos, el pleno del Legislativo, tambi\u00e9n en sesi\u00f3n extraordinaria, aprob\u00f3 aplicar un apercibimiento al gobernador Alejandro Murat Hinojosa, para cumplir con el ordenamiento del Tribunal Electoral del Poder Judicial de la Federaci\u00f3n (TEPJF), que confirm\u00f3 que el mandatario viol\u00f3 la veda electoral, al participar de manera virtual en la inauguraci\u00f3n de un congreso de arquitectura y donde destac\u00f3 logros de su administraci\u00f3n.<\/p>\n\n\n\n<figure class=\"wp-block-embed-twitter wp-block-embed is-type-rich is-provider-twitter\"><div class=\"wp-block-embed__wrapper\">\n<div class=\"twitter-tweet\"><blockquote class=\"twitter-tweet\" data-lang=\"es\"><p lang=\"es\" dir=\"ltr\"><a href=\"https:\/\/twitter.com\/hashtag\/%C3%9AltimoMInuto?src=hash&amp;ref_src=twsrc%5Etfw\">#\u00daltimoMInuto<\/a><br>Tambi\u00e9n en sesi\u00f3n extraordinaria, el pleno del <a href=\"https:\/\/twitter.com\/CongresoOaxLXIV?ref_src=twsrc%5Etfw\">@CongresoOaxLXIV<\/a> aprob\u00f3 con 31 votos una sanci\u00f3n consistente en un apercebimiento al gobernador <a href=\"https:\/\/twitter.com\/alejandromurat?ref_src=twsrc%5Etfw\">@AlejandroMurat<\/a>, tras la determinaci\u00f3n del TEPJF que consider\u00f3 que el mandatario viol\u00f3 la ley electoral en pasado proceso. <a href=\"https:\/\/t.co\/942tXTaNGP\">pic.twitter.com\/942tXTaNGP<\/a><\/p>&mdash; Zona Roja Oaxaca (@Zona_Roja_Oax) <a href=\"https:\/\/twitter.com\/Zona_Roja_Oax\/status\/1440814250562256903?ref_src=twsrc%5Etfw\">22 de septiembre de 2021<\/a><\/blockquote><\/div>\n<\/div><\/figure>\n","protected":false},"excerpt":{"rendered":"<p>Redacci\u00f3n\/Zona Roja. Oaxaca de Ju\u00e1rez, Oax., 22 de septiembre de 2021.- En sesi\u00f3n extraordinaria, luego&hellip;<\/p>\n","protected":false},"author":2,"featured_media":32332,"comment_status":"closed","ping_status":"open","sticky":false,"template":"","format":"standard","meta":{"_lmt_disableupdate":"","_lmt_disable":"","_jetpack_memberships_contains_paid_content":false,"footnotes":""},"categories":[109,46,47],"tags":[303],"class_list":["post-32331","post","type-post","status-publish","format-standard","has-post-thumbnail","hentry","category-minuto-a-minuto","category-zona-blanca","category-zona-gris","tag-congreso-del-estado-de-oaxaca"],"jetpack_featured_media_url":"https:\/\/zonaroja.com.mx\/wp-content\/uploads\/2021\/09\/Sesion-Congreso-Oaxaca-1.jpg","jetpack_sharing_enabled":true,"_links":{"self":[{"href":"https:\/\/zonaroja.com.mx\/index.php?rest_route=\/wp\/v2\/posts\/32331","targetHints":{"allow":["GET"]}}],"collection":[{"href":"https:\/\/zonaroja.com.mx\/index.php?rest_route=\/wp\/v2\/posts"}],"about":[{"href":"https:\/\/zonaroja.com.mx\/index.php?rest_route=\/wp\/v2\/types\/post"}],"author":[{"embeddable":true,"href":"https:\/\/zonaroja.com.mx\/index.php?rest_route=\/wp\/v2\/users\/2"}],"replies":[{"embeddable":true,"href":"https:\/\/zonaroja.com.mx\/index.php?rest_route=%2Fwp%2Fv2%2Fcomments&post=32331"}],"version-history":[{"count":1,"href":"https:\/\/zonaroja.com.mx\/index.php?rest_route=\/wp\/v2\/posts\/32331\/revisions"}],"predecessor-version":[{"id":32333,"href":"https:\/\/zonaroja.com.mx\/index.php?rest_route=\/wp\/v2\/posts\/32331\/revisions\/32333"}],"wp:featuredmedia":[{"embeddable":true,"href":"https:\/\/zonaroja.com.mx\/index.php?rest_route=\/wp\/v2\/media\/32332"}],"wp:attachment":[{"href":"https:\/\/zonaroja.com.mx\/index.php?rest_route=%2Fwp%2Fv2%2Fmedia&parent=32331"}],"wp:term":[{"taxonomy":"category","embeddable":true,"href":"https:\/\/zonaroja.com.mx\/index.php?rest_route=%2Fwp%2Fv2%2Fcategories&post=32331"},{"taxonomy":"post_tag","embeddable":true,"href":"https:\/\/zonaroja.com.mx\/index.php?rest_route=%2Fwp%2Fv2%2Ftags&post=32331"}],"curies":[{"name":"wp","href":"https:\/\/api.w.org\/{rel}","templated":true}]}}