{"id":32334,"date":"2021-09-22T18:42:09","date_gmt":"2021-09-22T23:42:09","guid":{"rendered":"http:\/\/www.zonaroja.com.mx\/?p=32334"},"modified":"2021-09-22T18:42:12","modified_gmt":"2021-09-22T23:42:12","slug":"aprueba-congreso-que-instituciones-publicas-realicen-interrupcion-del-embarazo","status":"publish","type":"post","link":"https:\/\/zonaroja.com.mx\/?p=32334","title":{"rendered":"Aprueba Congreso que instituciones p\u00fablicas realicen interrupci\u00f3n del embarazo"},"content":{"rendered":"\n<p>Redacci\u00f3n\/Zona Roja.<\/p>\n\n\n\n<p>Oaxaca de Ju\u00e1rez, Oax., 22 de septiembre de 2021.- El Congreso de Oaxaca reform\u00f3 hoy la Ley Estatal de Salud, con el fin de garantizar a las mujeres la atenci\u00f3n m\u00e9dica gratuita para la interrupci\u00f3n del embarazo en el sistema estatal de salud p\u00fablica, de forma segura y libre de discriminaci\u00f3n, antes de las 12 semanas de gestaci\u00f3n.<\/p>\n\n\n\n<p>Mediante la reforma a los art\u00edculos 29, 59, 62, 65 Bis, 65 Ter, 65 Qu\u00e1ter y 65 Quinquies, 65 Bis, 65 Ter, 65 Qu\u00e1ter y 65 Quinquies y la adici\u00f3n de la fracci\u00f3n XII al art\u00edculo 63, se instituye que las instituciones p\u00fablicas que integran el Sistema Estatal de Salud deber\u00e1n garantizar el derecho de todas las mujeres a la interrupci\u00f3n del embarazo.<\/p>\n\n\n\n<p>La diputada Magaly L\u00f3pez Dom\u00ednguez, una de las promoventes de esta reforma, indic\u00f3 que no proveer el servicio de interrupci\u00f3n del embarazo por parte de las instituciones p\u00fablicas de salud, condena a las mujeres a abortar en condiciones de inseguridad y de insalubridad, especialmente a aquellas que se encuentran en estado de marginalidad y no pueden acceder a servicios privados de asistencia m\u00e9dica.<\/p>\n\n\n\n<p>Celebr\u00f3 el hecho de que, con la aprobaci\u00f3n de esta reforma, se garantice la no discriminaci\u00f3n, la gratuidad, la accesibilidad, aceptabilidad y la calidad del servicio en las instituciones de salud p\u00fablica, as\u00ed como acciones de capacitaci\u00f3n para fortalecer la competencia t\u00e9cnica de las parteras tradicionales, para el aborto legal y seguro.<\/p>\n\n\n\n<p>La tambi\u00e9n presidenta de la Comisi\u00f3n Permanente de Derechos Humanos del Congreso local, dijo que obligatoriamente las instituciones de salud p\u00fablica en Oaxaca deber\u00e1n proporcionar servicios de orientaci\u00f3n y asesor\u00eda apropiada, clara, oportuna y sin sesgos ideol\u00f3gicos o religiosos, sobre el procedimiento m\u00e9dico a trav\u00e9s del cual se realiza la interrupci\u00f3n del embarazo.<\/p>\n\n\n\n<p>Otra de las impulsoras de esta ley, la diputada Elisa Zepeda Lagunas, se\u00f1al\u00f3 que trat\u00e1ndose de personas menores de 12 a\u00f1os de edad, la solicitud de interrupci\u00f3n del embarazo deber\u00e1 hacerse por su padre y\/o su madre, o a falta de estos, de su tutor o persona responsable conforme a las disposiciones jur\u00eddicas aplicables.<\/p>\n\n\n\n<p>Detall\u00f3 que las instituciones p\u00fablicas de salud deber\u00e1n brindar los servicios de interrupci\u00f3n del embarazo en un plazo no mayor a tres d\u00edas naturales contados a partir de que fue realizada la solicitud y satisfechos los requisitos establecidos en las disposiciones aplicables.<\/p>\n\n\n\n<p>Zepeda Lagunas refiri\u00f3 que a partir de ahora se deber\u00e1n atender las solicitudes de interrupci\u00f3n del embarazo a las mujeres solicitantes, aun cuando cuenten con alg\u00fan otro servicio de salud p\u00fablico o privado.<\/p>\n\n\n\n<p>Entre otras disposiciones, la Secretar\u00eda de Salud del estado deber\u00e1 mantener un registro detallado del n\u00famero de abortos que se practican en los establecimientos o cl\u00ednicas, fijos y\/o m\u00f3viles, en el territorio del estado de Oaxaca.<\/p>\n\n\n\n<p>La reforma a la Ley Estatal de Salud, impulsada por las diputadas Magaly L\u00f3pez Dom\u00ednguez, Elisa Zepeda Lagunas e Hilda Graciela P\u00e9rez Luis, dictaminada por las comisiones permanentes unidas de Salud, de Igualdad de G\u00e9nero y de Administraci\u00f3n y Procuraci\u00f3n de Justicia, entrar\u00e1 en vigor luego de su publicaci\u00f3n en el Peri\u00f3dico Oficial del Estado de Oaxaca.<\/p>\n","protected":false},"excerpt":{"rendered":"<p>Redacci\u00f3n\/Zona Roja. Oaxaca de Ju\u00e1rez, Oax., 22 de septiembre de 2021.- El Congreso de Oaxaca&hellip;<\/p>\n","protected":false},"author":2,"featured_media":32335,"comment_status":"closed","ping_status":"open","sticky":false,"template":"","format":"standard","meta":{"_lmt_disableupdate":"","_lmt_disable":"","_jetpack_memberships_contains_paid_content":false,"footnotes":""},"categories":[109,46],"tags":[192],"class_list":["post-32334","post","type-post","status-publish","format-standard","has-post-thumbnail","hentry","category-minuto-a-minuto","category-zona-blanca","tag-diputada-magaly-lopez-dominguez"],"jetpack_featured_media_url":"https:\/\/zonaroja.com.mx\/wp-content\/uploads\/2021\/09\/Diputadas-Reforma-Ley-Estatal-Salud.jpeg","jetpack_sharing_enabled":true,"_links":{"self":[{"href":"https:\/\/zonaroja.com.mx\/index.php?rest_route=\/wp\/v2\/posts\/32334","targetHints":{"allow":["GET"]}}],"collection":[{"href":"https:\/\/zonaroja.com.mx\/index.php?rest_route=\/wp\/v2\/posts"}],"about":[{"href":"https:\/\/zonaroja.com.mx\/index.php?rest_route=\/wp\/v2\/types\/post"}],"author":[{"embeddable":true,"href":"https:\/\/zonaroja.com.mx\/index.php?rest_route=\/wp\/v2\/users\/2"}],"replies":[{"embeddable":true,"href":"https:\/\/zonaroja.com.mx\/index.php?rest_route=%2Fwp%2Fv2%2Fcomments&post=32334"}],"version-history":[{"count":1,"href":"https:\/\/zonaroja.com.mx\/index.php?rest_route=\/wp\/v2\/posts\/32334\/revisions"}],"predecessor-version":[{"id":32336,"href":"https:\/\/zonaroja.com.mx\/index.php?rest_route=\/wp\/v2\/posts\/32334\/revisions\/32336"}],"wp:featuredmedia":[{"embeddable":true,"href":"https:\/\/zonaroja.com.mx\/index.php?rest_route=\/wp\/v2\/media\/32335"}],"wp:attachment":[{"href":"https:\/\/zonaroja.com.mx\/index.php?rest_route=%2Fwp%2Fv2%2Fmedia&parent=32334"}],"wp:term":[{"taxonomy":"category","embeddable":true,"href":"https:\/\/zonaroja.com.mx\/index.php?rest_route=%2Fwp%2Fv2%2Fcategories&post=32334"},{"taxonomy":"post_tag","embeddable":true,"href":"https:\/\/zonaroja.com.mx\/index.php?rest_route=%2Fwp%2Fv2%2Ftags&post=32334"}],"curies":[{"name":"wp","href":"https:\/\/api.w.org\/{rel}","templated":true}]}}