{"id":32337,"date":"2021-09-22T19:10:39","date_gmt":"2021-09-23T00:10:39","guid":{"rendered":"http:\/\/www.zonaroja.com.mx\/?p=32337"},"modified":"2021-09-22T19:10:41","modified_gmt":"2021-09-23T00:10:41","slug":"inician-insabi-imss-y-gobierno-de-oaxaca-reordenamiento-de-sector-salud","status":"publish","type":"post","link":"https:\/\/zonaroja.com.mx\/?p=32337","title":{"rendered":"Inician Insabi, IMSS y gobierno de Oaxaca reordenamiento de sector Salud"},"content":{"rendered":"\n<p>Redacci\u00f3n\/Zona Roja.<\/p>\n\n\n\n<p>Oaxaca de Ju\u00e1rez, Oax., 22 de septiembre de 2021.- Titulares del Poder Ejecutivo de Oaxaca, del IMSS nacional y del Instituto de Salud para el Bienestar (Insabi) se reunieron hoy en la entidad, para iniciar el reordenamiento del sector Salud.<\/p>\n\n\n\n<p>De acuerdo con un comunicado, el gobernador Alejandro Murat Hinojosa y los funcionarios federales Zo\u00e9 Robledo y Juan Antonio Ferrer analizaron las alternativas para atender la queja de trabajadores eventuales que exigen recontrataci\u00f3n en los Servicios de Salud de Oaxaca (SSO).<\/p>\n\n\n\n<p>En el encuentro efectuado en el Hangar del Gobierno del Estado, anexo al aeropuerto internacional, Santa Cruz Xoxocotl\u00e1n, el director del IMSS, Zo\u00e9 Robledo, expuso que el planteamiento del Presidente de M\u00e9xico, Andr\u00e9s Manuel L\u00f3pez Obrador, es lograr la transformaci\u00f3n del Sistema Nacional de Salud, a fin de tener un mejor servicio.<\/p>\n\n\n\n<p>Mientras que Juan Antonio Ferrer, responsable del Insabi, remarc\u00f3 que se busca que haya la atenci\u00f3n adecuada, eficiente y gratuita de los servicios de salud en el estado.<\/p>\n\n\n\n<p>Las partes reconocieron el fin de la vigencia de dos mil 125 plazas eventuales, que no cuentan con fuente de financiamiento.<\/p>\n\n\n\n<p>Murat Hinojosa dijo que se trabaja para presentar una soluci\u00f3n y no solamente llevar el problema a la Federaci\u00f3n; \u201cy la soluci\u00f3n radica primero en atender del hoy hacia atr\u00e1s. Cerrar con cero deuda la parte de las obligaciones que tenemos tanto fiscales como de seguridad social\u201d, cita el bolet\u00edn.<\/p>\n\n\n\n<p>El Insabi puntualiz\u00f3 que por instrucci\u00f3n del Presidente, tiene autorizada una plantilla de 527 trabajadores para la atenci\u00f3n de la pandemia por Covid-19, que representan 300 millones de pesos, para los a\u00f1os 2002 y 2021, que son apoyos extraordinarios.<\/p>\n\n\n\n<p>Mientras que como parte del presupuesto anual, a Oaxaca se le han entregado en los tres trimestres de este a\u00f1o de manera puntual mil 144.5 millones de pesos, por lo que al momento no hay ning\u00fan atraso.<\/p>\n\n\n\n<p>Tocaron adem\u00e1s el tema del suministro de medicinas y medicamentos para ni\u00f1os con c\u00e1ncer, mismos que, asegur\u00f3 el Insabi, se estar\u00e1n dotando en su totalidad en los pr\u00f3ximos d\u00edas.<\/p>\n","protected":false},"excerpt":{"rendered":"<p>Redacci\u00f3n\/Zona Roja. Oaxaca de Ju\u00e1rez, Oax., 22 de septiembre de 2021.- Titulares del Poder Ejecutivo&hellip;<\/p>\n","protected":false},"author":2,"featured_media":32338,"comment_status":"closed","ping_status":"open","sticky":false,"template":"","format":"standard","meta":{"_lmt_disableupdate":"","_lmt_disable":"","_jetpack_memberships_contains_paid_content":false,"footnotes":""},"categories":[109,47],"tags":[173,1005],"class_list":["post-32337","post","type-post","status-publish","format-standard","has-post-thumbnail","hentry","category-minuto-a-minuto","category-zona-gris","tag-alejandro-murat-hinojosa","tag-servicios-de-salud-de-oaxaca-sso"],"jetpack_featured_media_url":"https:\/\/zonaroja.com.mx\/wp-content\/uploads\/2021\/09\/Reunion-gobernador-IMSS-Insabi-gobernador-caso-salud.jpg","jetpack_sharing_enabled":true,"_links":{"self":[{"href":"https:\/\/zonaroja.com.mx\/index.php?rest_route=\/wp\/v2\/posts\/32337","targetHints":{"allow":["GET"]}}],"collection":[{"href":"https:\/\/zonaroja.com.mx\/index.php?rest_route=\/wp\/v2\/posts"}],"about":[{"href":"https:\/\/zonaroja.com.mx\/index.php?rest_route=\/wp\/v2\/types\/post"}],"author":[{"embeddable":true,"href":"https:\/\/zonaroja.com.mx\/index.php?rest_route=\/wp\/v2\/users\/2"}],"replies":[{"embeddable":true,"href":"https:\/\/zonaroja.com.mx\/index.php?rest_route=%2Fwp%2Fv2%2Fcomments&post=32337"}],"version-history":[{"count":1,"href":"https:\/\/zonaroja.com.mx\/index.php?rest_route=\/wp\/v2\/posts\/32337\/revisions"}],"predecessor-version":[{"id":32339,"href":"https:\/\/zonaroja.com.mx\/index.php?rest_route=\/wp\/v2\/posts\/32337\/revisions\/32339"}],"wp:featuredmedia":[{"embeddable":true,"href":"https:\/\/zonaroja.com.mx\/index.php?rest_route=\/wp\/v2\/media\/32338"}],"wp:attachment":[{"href":"https:\/\/zonaroja.com.mx\/index.php?rest_route=%2Fwp%2Fv2%2Fmedia&parent=32337"}],"wp:term":[{"taxonomy":"category","embeddable":true,"href":"https:\/\/zonaroja.com.mx\/index.php?rest_route=%2Fwp%2Fv2%2Fcategories&post=32337"},{"taxonomy":"post_tag","embeddable":true,"href":"https:\/\/zonaroja.com.mx\/index.php?rest_route=%2Fwp%2Fv2%2Ftags&post=32337"}],"curies":[{"name":"wp","href":"https:\/\/api.w.org\/{rel}","templated":true}]}}