{"id":32340,"date":"2021-09-22T21:18:14","date_gmt":"2021-09-23T02:18:14","guid":{"rendered":"http:\/\/www.zonaroja.com.mx\/?p=32340"},"modified":"2021-09-22T21:18:17","modified_gmt":"2021-09-23T02:18:17","slug":"exige-el-congreso-a-los-sso-atender-de-inmediato-problematica-de-salud","status":"publish","type":"post","link":"https:\/\/zonaroja.com.mx\/?p=32340","title":{"rendered":"Exige el Congreso a los SSO atender de inmediato problem\u00e1tica de salud"},"content":{"rendered":"\n<p>Evlin Arag\u00f3n\/Zona Roja.<\/p>\n\n\n\n<p>Oaxaca de Ju\u00e1rez, Oax., 22 de septiembre de 2021.- Con 26 votos a favor, el pleno del Congreso de Oaxaca aprob\u00f3 un exhorto de la fracci\u00f3n parlamentaria de Morena, para que a la brevedad los Servicios de Salud de Oaxaca (SSO) resuelvan el problema del personal eventual, recientemente despedido, as\u00ed como la dotaci\u00f3n de insumos y medicamentos en los centros m\u00e9dicos de todo el estado.<\/p>\n\n\n\n<p>El llamado fue dirigido tambi\u00e9n al gobernador de Oaxaca, Alejandro Murat Hinojosa, adem\u00e1s del titular de los, Juan Carlos M\u00e1rquez Heine, para que garanticen la permanencia de las y los trabajadores hasta que el gobierno federal se haga cargo de los SSO, a fin de garantizar el derecho a la salud de las personas que habitan en la entidad.&nbsp;<\/p>\n\n\n\n<p>La propuesta fue le\u00edda por el diputado C\u00e9sar Morales Ni\u00f1o, quien detall\u00f3 que el exhorto tambi\u00e9n incluye la exigencia de garant\u00eda del abasto de medicamentos e insumos, as\u00ed como la operaci\u00f3n permanente de las instituciones del sector salud, la cual se ha visto mermada en los \u00faltimos d\u00edas, debido al despido masivo.<\/p>\n\n\n\n<p>De acuerdo con el legislador es indispensable que el gobierno de Oaxaca asuma su responsabilidad y deje de administrar el conflicto, esperando que la Federaci\u00f3n se haga cargo, tal y como lo hace en estos momentos.<\/p>\n\n\n\n<p>A nombre de la bancada de Morena pidi\u00f3 que se investigue la corrupci\u00f3n al interior de la dependencia, la cual dio como resultado la grave crisis que padece el sector en la actualidad y que afecta a quienes menos recursos tienen y recurren a las instancias p\u00fablicas de salud.<\/p>\n\n\n\n<p>\u201cEs importante resaltar que la falta de personal de salud en los hospitales y centros de salud, es producto de la corrupci\u00f3n institucionalizada existente en la Secretar\u00eda de Salud del Estado que viene de por lo menos tres sexenios atr\u00e1s y tolerada por el actual, en complicidad con algunos l\u00edderes sindicales\u201d, dijo.<\/p>\n\n\n\n<p>Record\u00f3 que el desfalco, incluye el desv\u00edo de recursos por m\u00e1s de 400 millones de pesos al a\u00f1o, que son destinados para el pago de bonos de las y los trabajadores acordados al margen de la ley, mismos que no est\u00e1n ni etiquetados ni en ninguna partida presupuestal.<\/p>\n\n\n\n<p>Puso como ejemplo dos empleados contratados en este sexenio, el contador Luis Garnica Gustavo, como param\u00e9dico pero con plaza reservada; ten\u00eda funciones de director de administraci\u00f3n.<\/p>\n\n\n\n<p>Otro caso es el ingeniero Santos Pineda Vladimir, param\u00e9dico con plaza reservada; es asesor del titular de los SSO; \u201cla corrupci\u00f3n a todo lo que da, se dan plazas param\u00e9dicas a contadores e ingenieros\u201d, dijo.<\/p>\n\n\n\n<figure class=\"wp-block-embed-twitter wp-block-embed is-type-rich is-provider-twitter\"><div class=\"wp-block-embed__wrapper\">\n<div class=\"twitter-tweet\"><blockquote class=\"twitter-tweet\" data-lang=\"es\"><p lang=\"es\" dir=\"ltr\"><a href=\"https:\/\/twitter.com\/hashtag\/%C3%9AltimoMinuto?src=hash&amp;ref_src=twsrc%5Etfw\">#\u00daltimoMinuto<\/a> <br>Con 26 votos, el pleno del <a href=\"https:\/\/twitter.com\/CongresoOaxLXIV?ref_src=twsrc%5Etfw\">@CongresoOaxLXIV<\/a> aprob\u00f3 un exhorto de la fracci\u00f3n de Morena, le\u00eddo por <a href=\"https:\/\/twitter.com\/cesarmoralesn?ref_src=twsrc%5Etfw\">@cesarmoralesn<\/a>, para que a la brevedad los <a href=\"https:\/\/twitter.com\/SSO_GobOax?ref_src=twsrc%5Etfw\">@SSO_GobOax<\/a> resuelvan el problema de los trabajadores eventuales, as\u00ed como la dotaci\u00f3n de medicamentos y medicinas. <a href=\"https:\/\/t.co\/t7EDMN6yBq\">pic.twitter.com\/t7EDMN6yBq<\/a><\/p>&mdash; Zona Roja Oaxaca (@Zona_Roja_Oax) <a href=\"https:\/\/twitter.com\/Zona_Roja_Oax\/status\/1440764908962938883?ref_src=twsrc%5Etfw\">22 de septiembre de 2021<\/a><\/blockquote><\/div>\n<\/div><\/figure>\n\n\n\n<p>En este mismo sentido, Morales Ni\u00f1o indic\u00f3 que es fundamental un proceso de saneamiento y reordenamiento del sector salud, el cual debe llevarse a cabo de manera escrupulosa y transparente, revisando incluso las claves asignadas al personal regularizado y formalizado, a fin de que cuenten con el profesional adecuado.&nbsp;<\/p>\n\n\n\n<p>De lo contrario, se tendr\u00e1n que iniciar los procedimientos legales por el delito de fraude, desv\u00edo de recursos p\u00fablicos y robo a la naci\u00f3n, y en tal situaci\u00f3n que reintegren a la Tesorer\u00eda de la Federaci\u00f3n los salarios y prestaciones no devengados con los intereses correspondientes.<\/p>\n\n\n\n<p>\u201cPara atender urgentemente la falta de personal m\u00e9dico en las comunidades, es necesario que se garantice el regreso de la plantilla laboral a los centros de atenci\u00f3n m\u00e9dica del sector salud a donde est\u00e1n adscritos, sin importar su estatus laboral. Esto como medida urgente para no dejar desprotegida a la poblaci\u00f3n\u201d, manifest\u00f3.&nbsp;<\/p>\n\n\n\n<p>Finalmente, el diputado morenista insisti\u00f3 que es indispensable que el Gobierno del Estado, garantice el abasto de medicamentos e insumos, as\u00ed como la operaci\u00f3n permanente de las instituciones del sector salud para brindar atenci\u00f3n m\u00e9dica a la poblaci\u00f3n en general.<\/p>\n\n\n\n<p>Lo anterior tras las declaraciones del secretario de Salud, Jorge Alcocer, quien dio a conocer que se han emitido 297 \u00f3rdenes de suministro de medicamentos, equivalente a m\u00e1s de un mill\u00f3n de piezas, principalmente para la atenci\u00f3n del c\u00e1ncer y la diabetes, como ha sido requerido por las propias familias de quienes padecen alguna de estas enfermedades.&nbsp;<\/p>\n","protected":false},"excerpt":{"rendered":"<p>Evlin Arag\u00f3n\/Zona Roja. Oaxaca de Ju\u00e1rez, Oax., 22 de septiembre de 2021.- Con 26 votos&hellip;<\/p>\n","protected":false},"author":2,"featured_media":32341,"comment_status":"closed","ping_status":"open","sticky":false,"template":"","format":"standard","meta":{"_lmt_disableupdate":"","_lmt_disable":"","_jetpack_memberships_contains_paid_content":false,"footnotes":""},"categories":[109,47],"tags":[612],"class_list":["post-32340","post","type-post","status-publish","format-standard","has-post-thumbnail","hentry","category-minuto-a-minuto","category-zona-gris","tag-cesar-morales-nino"],"jetpack_featured_media_url":"https:\/\/zonaroja.com.mx\/wp-content\/uploads\/2021\/09\/Cesar-Morales-4.jpg","jetpack_sharing_enabled":true,"_links":{"self":[{"href":"https:\/\/zonaroja.com.mx\/index.php?rest_route=\/wp\/v2\/posts\/32340","targetHints":{"allow":["GET"]}}],"collection":[{"href":"https:\/\/zonaroja.com.mx\/index.php?rest_route=\/wp\/v2\/posts"}],"about":[{"href":"https:\/\/zonaroja.com.mx\/index.php?rest_route=\/wp\/v2\/types\/post"}],"author":[{"embeddable":true,"href":"https:\/\/zonaroja.com.mx\/index.php?rest_route=\/wp\/v2\/users\/2"}],"replies":[{"embeddable":true,"href":"https:\/\/zonaroja.com.mx\/index.php?rest_route=%2Fwp%2Fv2%2Fcomments&post=32340"}],"version-history":[{"count":1,"href":"https:\/\/zonaroja.com.mx\/index.php?rest_route=\/wp\/v2\/posts\/32340\/revisions"}],"predecessor-version":[{"id":32342,"href":"https:\/\/zonaroja.com.mx\/index.php?rest_route=\/wp\/v2\/posts\/32340\/revisions\/32342"}],"wp:featuredmedia":[{"embeddable":true,"href":"https:\/\/zonaroja.com.mx\/index.php?rest_route=\/wp\/v2\/media\/32341"}],"wp:attachment":[{"href":"https:\/\/zonaroja.com.mx\/index.php?rest_route=%2Fwp%2Fv2%2Fmedia&parent=32340"}],"wp:term":[{"taxonomy":"category","embeddable":true,"href":"https:\/\/zonaroja.com.mx\/index.php?rest_route=%2Fwp%2Fv2%2Fcategories&post=32340"},{"taxonomy":"post_tag","embeddable":true,"href":"https:\/\/zonaroja.com.mx\/index.php?rest_route=%2Fwp%2Fv2%2Ftags&post=32340"}],"curies":[{"name":"wp","href":"https:\/\/api.w.org\/{rel}","templated":true}]}}