{"id":32343,"date":"2021-09-22T22:08:51","date_gmt":"2021-09-23T03:08:51","guid":{"rendered":"http:\/\/www.zonaroja.com.mx\/?p=32343"},"modified":"2021-09-22T22:08:53","modified_gmt":"2021-09-23T03:08:53","slug":"reta-el-covid-al-semaforo-amarillo-en-oaxaca-356-contagiados-y-20-decesos","status":"publish","type":"post","link":"https:\/\/zonaroja.com.mx\/?p=32343","title":{"rendered":"Reta el Covid al sem\u00e1foro amarillo en Oaxaca: 356 contagiados y 20 decesos"},"content":{"rendered":"\n<p>Redacci\u00f3n\/Zona Roja.<\/p>\n\n\n\n<p>Oaxaca de Ju\u00e1rez, Oax. 22 de septiembre de 2021.- Los Servicios de Salud de Oaxaca (SSO), informan que, al corte de este mi\u00e9rcoles, hay mil 360 casos activos de Covid-19, en 144 municipios de la entidad, y 11 hospitales se encuentran al 100% de su capacidad.<\/p>\n\n\n\n<p>Este d\u00eda se registraron 356 casos nuevos y 20 decesos, que suman 74 mil 638 casos acumulados y cinco mil 069 defunciones, mientras que 68 mil 209 personas se han recuperado de la enfermedad, hay cinco mil 921 casos sospechosos.<\/p>\n\n\n\n<p>De acuerdo con el panorama jurisdiccional, Valles Centrales registra 45 mil 258 casos confirmados y dos mil 271 defunciones, Istmo 10 mil 293 casos confirmados y mil 101 fallecimientos, Tuxtepec cinco mil 165 casos confirmados y 475 muertes, Costa cinco mil 520 casos confirmados y 437 p\u00e9rdidas, Mixteca cinco mil 897 casos confirmados y 515 defunciones, Sierra dos mil 505 casos confirmados y 270 fallecimientos.<\/p>\n\n\n\n<p>Los 356 casos nuevos, afectan a 81 municipios, siendo Oaxaca de Ju\u00e1rez el primer lugar con 92, seguido de Ciudad Ixtepec con 35, Santa Cruz Xoxocotl\u00e1n 22, la Heroica Ciudad de Juchit\u00e1n de Zaragoza con 18, Santo Domingo Tehuantepec 12, San Juan Bautista Tuxtepec y Santa Luc\u00eda del Camino 11 cada uno, Salina Cruz nueve, Huajuapan de Le\u00f3n ocho, San Antonio de la Cal siete, el resto de seis a un solo caso.<\/p>\n\n\n\n<figure class=\"wp-block-embed-twitter wp-block-embed is-type-rich is-provider-twitter\"><div class=\"wp-block-embed__wrapper\">\n<div class=\"twitter-tweet\"><blockquote class=\"twitter-tweet\" data-lang=\"es\"><p lang=\"es\" dir=\"ltr\"><a href=\"https:\/\/twitter.com\/hashtag\/%C3%9AltimaHora?src=hash&amp;ref_src=twsrc%5Etfw\">#\u00daltimaHora<\/a><br>Este mi\u00e9rcoles, los Servicios de Salud de <a href=\"https:\/\/twitter.com\/hashtag\/Oaxaca?src=hash&amp;ref_src=twsrc%5Etfw\">#Oaxaca<\/a> reportaron 356 casos positivos, para un total de 74 mil 638 casos confirmados.<br>Asimismo, 20 decesos, con lo que se suman 5 mil 69 fallecimientos.<br>Hay 11 nosocomios saturados; 56.4% de ocupaci\u00f3n hospitalaria. <a href=\"https:\/\/t.co\/J1dMG9egD5\">pic.twitter.com\/J1dMG9egD5<\/a><\/p>&mdash; Zona Roja Oaxaca (@Zona_Roja_Oax) <a href=\"https:\/\/twitter.com\/Zona_Roja_Oax\/status\/1440854925907357703?ref_src=twsrc%5Etfw\">23 de septiembre de 2021<\/a><\/blockquote><\/div>\n<\/div><\/figure>\n\n\n\n<p>Este 22 de septiembre, el municipio de Santo Domingo Ozolotepec, del distrito de Miahuatl\u00e1n de Porfirio D\u00edaz, registra su primer caso.<\/p>\n\n\n\n<p>De las cinco mil 069 defunciones, tres mil 228 son hombres y mil 841 mujeres; los grupos de edad m\u00e1s afectados son los de 65 y m\u00e1s a\u00f1os con dos mil 333, de 50 a 59 con mil 091, de 60 a 64 con 709 y de 25 a 44 a\u00f1os con 525; las comorbilidades asociadas son en primer lugar la hipertensi\u00f3n arterial, seguida de diabetes, obesidad e insuficiencia renal.<\/p>\n\n\n\n<p>En relaci\u00f3n a la ocupaci\u00f3n hospitalaria, destaca la Jurisdicci\u00f3n Sanitaria de Tuxtepec con 66.7%, la Mixteca con 64.3%, Istmo 63.5%, Valles Centrales con 56.9%, Costa 34% y Sierra 0 por ciento. Hay 11 nuevos hospitalizados, de las 514 camas destinadas para pacientes con esta enfermedad, se encuentran disponibles 224.<\/p>\n\n\n\n<p>La instituci\u00f3n exhorta a las y los oaxaque\u00f1os, a no bajar la guardia ante esta pandemia y continuar con las medidas sanitarias, como el uso correcto del cubrebocas, mantener la sana distancia de 1.5 metros, el lavado de manos con agua y jab\u00f3n o utilizar alcohol al 70% y evitar las fiestas o reuniones, ya que la salud es responsabilidad de todas las personas.<\/p>\n\n\n\n<p>(Comunicado)<\/p>\n","protected":false},"excerpt":{"rendered":"<p>Redacci\u00f3n\/Zona Roja. Oaxaca de Ju\u00e1rez, Oax. 22 de septiembre de 2021.- Los Servicios de Salud&hellip;<\/p>\n","protected":false},"author":2,"featured_media":32344,"comment_status":"closed","ping_status":"open","sticky":false,"template":"","format":"standard","meta":{"_lmt_disableupdate":"","_lmt_disable":"","_jetpack_memberships_contains_paid_content":false,"footnotes":""},"categories":[109,47],"tags":[1512],"class_list":["post-32343","post","type-post","status-publish","format-standard","has-post-thumbnail","hentry","category-minuto-a-minuto","category-zona-gris","tag-coronavirus-oaxaca"],"jetpack_featured_media_url":"https:\/\/zonaroja.com.mx\/wp-content\/uploads\/2021\/09\/GRAFICA-SSO-02.jpg","jetpack_sharing_enabled":true,"_links":{"self":[{"href":"https:\/\/zonaroja.com.mx\/index.php?rest_route=\/wp\/v2\/posts\/32343","targetHints":{"allow":["GET"]}}],"collection":[{"href":"https:\/\/zonaroja.com.mx\/index.php?rest_route=\/wp\/v2\/posts"}],"about":[{"href":"https:\/\/zonaroja.com.mx\/index.php?rest_route=\/wp\/v2\/types\/post"}],"author":[{"embeddable":true,"href":"https:\/\/zonaroja.com.mx\/index.php?rest_route=\/wp\/v2\/users\/2"}],"replies":[{"embeddable":true,"href":"https:\/\/zonaroja.com.mx\/index.php?rest_route=%2Fwp%2Fv2%2Fcomments&post=32343"}],"version-history":[{"count":1,"href":"https:\/\/zonaroja.com.mx\/index.php?rest_route=\/wp\/v2\/posts\/32343\/revisions"}],"predecessor-version":[{"id":32345,"href":"https:\/\/zonaroja.com.mx\/index.php?rest_route=\/wp\/v2\/posts\/32343\/revisions\/32345"}],"wp:featuredmedia":[{"embeddable":true,"href":"https:\/\/zonaroja.com.mx\/index.php?rest_route=\/wp\/v2\/media\/32344"}],"wp:attachment":[{"href":"https:\/\/zonaroja.com.mx\/index.php?rest_route=%2Fwp%2Fv2%2Fmedia&parent=32343"}],"wp:term":[{"taxonomy":"category","embeddable":true,"href":"https:\/\/zonaroja.com.mx\/index.php?rest_route=%2Fwp%2Fv2%2Fcategories&post=32343"},{"taxonomy":"post_tag","embeddable":true,"href":"https:\/\/zonaroja.com.mx\/index.php?rest_route=%2Fwp%2Fv2%2Ftags&post=32343"}],"curies":[{"name":"wp","href":"https:\/\/api.w.org\/{rel}","templated":true}]}}