{"id":3235,"date":"2019-08-20T19:23:07","date_gmt":"2019-08-21T00:23:07","guid":{"rendered":"http:\/\/www.zonaroja.com.mx\/?p=3235"},"modified":"2019-08-20T19:23:09","modified_gmt":"2019-08-21T00:23:09","slug":"otro-feminicidio-matan-a-escopetazos-a-una-mujer-en-la-costa-de-oaxaca","status":"publish","type":"post","link":"https:\/\/zonaroja.com.mx\/?p=3235","title":{"rendered":"Otro feminicidio: matan a escopetazos a una mujer en la Costa de Oaxaca"},"content":{"rendered":"\n<p>Redacci\u00f3n\/Zona Roja.<\/p>\n\n\n\n<p>Oaxaca de Ju\u00e1rez, Oax., 20 de agosto de\n2019.- Una mujer fue asesinada anoche con disparos de escopeta en una comunidad\nde la Costa, regi\u00f3n donde horas antes fue ultrajada sexualmente y golpeada una\nanciana.<\/p>\n\n\n\n<p>Estos hechos se suman al asesinato de\ndos personas, ocurrido al mediod\u00eda de este martes en San Juan Bautista\nTuxtepec.<\/p>\n\n\n\n<p>Seg\u00fan reportes de corporaciones de\nseguridad p\u00fablica, el probable feminicidio ocurri\u00f3 anoche en un domicilio\nparticular la comunicad de San Crist\u00f3bal, perteneciente al municipio de San\nAgust\u00edn Chayuco.<\/p>\n\n\n\n<p>Un individuo, hasta ahora no\nidentificado, arrib\u00f3&nbsp; a la casa ubicada\nen la calle 20 de Noviembre y dispar\u00f3 en contra de la mujer, identificada de manera\npreliminar como Mar\u00eda C. S., de unos 40 a\u00f1os de edad, y despu\u00e9s huy\u00f3.<\/p>\n\n\n\n<p>Por otra parte, en San Juan Bautista Tuxtepec la ma\u00f1ana de este martes fueron sacados de su domicilio dos personas y fueron asesinadas a balazos.<\/p>\n\n\n\n<figure class=\"wp-block-image\"><img decoding=\"async\" width=\"917\" height=\"687\" src=\"http:\/\/www.zonaroja.com.mx\/wp-content\/uploads\/2019\/08\/0bebc186-5f71-4b08-a3d0-30c005271965.jpg\" alt=\"\" class=\"wp-image-3237\" srcset=\"https:\/\/zonaroja.com.mx\/wp-content\/uploads\/2019\/08\/0bebc186-5f71-4b08-a3d0-30c005271965.jpg 917w, https:\/\/zonaroja.com.mx\/wp-content\/uploads\/2019\/08\/0bebc186-5f71-4b08-a3d0-30c005271965-300x225.jpg 300w, https:\/\/zonaroja.com.mx\/wp-content\/uploads\/2019\/08\/0bebc186-5f71-4b08-a3d0-30c005271965-768x575.jpg 768w, https:\/\/zonaroja.com.mx\/wp-content\/uploads\/2019\/08\/0bebc186-5f71-4b08-a3d0-30c005271965-585x438.jpg 585w\" sizes=\"(max-width: 917px) 100vw, 917px\" \/><\/figure>\n\n\n\n<p>El doble homicidio ocurri\u00f3 en la calle Jorge\nL. Tamayo, de la colonia Mar\u00eda Eugenia; uno de ellos fue identificado extraoficialmente\ncomo Samuel M. M., el otro permanece en calidad de desconocido.<\/p>\n\n\n\n<p>En tanto, en Puerto Escondido se\ninform\u00f3 del deceso de un elemento del Ej\u00e9rcito Mexicano, presuntamente\nintegrado a la Guardia Nacional, y quien en vida respondi\u00f3 al nombre de Heriberto\nG. G., perteneciente al 54 Batall\u00f3n de Infanter\u00eda de la Secretar\u00eda de la\nDefensa Nacional.<\/p>\n\n\n\n<p>Hasta el momento no se ha definido las\ncausas y la forma en que perdi\u00f3 la vida.<\/p>\n\n\n\n<p>SIGUEN ASALTOS<\/p>\n\n\n\n<p>La ola de asaltos no ha cesado tampoco\nen Oaxaca en contra de las tiendas de conveniencia.<\/p>\n\n\n\n<p>Anoche fue atracada una sucursal de la\ncadena Oxxo, ubicada en inmediaciones del llamado m\u00f3dulo azul, del Infonavit\nPrimero de Mayo, al norte de la capital.<\/p>\n\n\n\n<p>Mientras que en Juchit\u00e1n de Zaragoza,\nfue asaltada la tienda Waldos, ubicada enla calle Efra\u00edn R. G\u00f3mez esquina con\nIndependencia, Centro.<\/p>\n\n\n\n<p>En todos los casos hasta el momento no\nhay personas detenidas.<\/p>\n","protected":false},"excerpt":{"rendered":"<p>Redacci\u00f3n\/Zona Roja. Oaxaca de Ju\u00e1rez, Oax., 20 de agosto de 2019.- Una mujer fue asesinada&hellip;<\/p>\n","protected":false},"author":2,"featured_media":3236,"comment_status":"closed","ping_status":"open","sticky":false,"template":"","format":"standard","meta":{"_lmt_disableupdate":"","_lmt_disable":"","_jetpack_memberships_contains_paid_content":false,"footnotes":""},"categories":[109,51],"tags":[60,588],"class_list":["post-3235","post","type-post","status-publish","format-standard","has-post-thumbnail","hentry","category-minuto-a-minuto","category-zona-roja","tag-feminicidio","tag-san-agustin-chayuco"],"jetpack_featured_media_url":"https:\/\/zonaroja.com.mx\/wp-content\/uploads\/2019\/08\/balazos.jpg","jetpack_sharing_enabled":true,"_links":{"self":[{"href":"https:\/\/zonaroja.com.mx\/index.php?rest_route=\/wp\/v2\/posts\/3235","targetHints":{"allow":["GET"]}}],"collection":[{"href":"https:\/\/zonaroja.com.mx\/index.php?rest_route=\/wp\/v2\/posts"}],"about":[{"href":"https:\/\/zonaroja.com.mx\/index.php?rest_route=\/wp\/v2\/types\/post"}],"author":[{"embeddable":true,"href":"https:\/\/zonaroja.com.mx\/index.php?rest_route=\/wp\/v2\/users\/2"}],"replies":[{"embeddable":true,"href":"https:\/\/zonaroja.com.mx\/index.php?rest_route=%2Fwp%2Fv2%2Fcomments&post=3235"}],"version-history":[{"count":1,"href":"https:\/\/zonaroja.com.mx\/index.php?rest_route=\/wp\/v2\/posts\/3235\/revisions"}],"predecessor-version":[{"id":3238,"href":"https:\/\/zonaroja.com.mx\/index.php?rest_route=\/wp\/v2\/posts\/3235\/revisions\/3238"}],"wp:featuredmedia":[{"embeddable":true,"href":"https:\/\/zonaroja.com.mx\/index.php?rest_route=\/wp\/v2\/media\/3236"}],"wp:attachment":[{"href":"https:\/\/zonaroja.com.mx\/index.php?rest_route=%2Fwp%2Fv2%2Fmedia&parent=3235"}],"wp:term":[{"taxonomy":"category","embeddable":true,"href":"https:\/\/zonaroja.com.mx\/index.php?rest_route=%2Fwp%2Fv2%2Fcategories&post=3235"},{"taxonomy":"post_tag","embeddable":true,"href":"https:\/\/zonaroja.com.mx\/index.php?rest_route=%2Fwp%2Fv2%2Ftags&post=3235"}],"curies":[{"name":"wp","href":"https:\/\/api.w.org\/{rel}","templated":true}]}}