{"id":32354,"date":"2021-09-23T07:48:24","date_gmt":"2021-09-23T12:48:24","guid":{"rendered":"http:\/\/www.zonaroja.com.mx\/?p=32354"},"modified":"2021-09-23T07:48:27","modified_gmt":"2021-09-23T12:48:27","slug":"era-del-catem-individuo-ejecutado-en-nazareno-oaxaca","status":"publish","type":"post","link":"https:\/\/zonaroja.com.mx\/?p=32354","title":{"rendered":"Era del CATEM individuo ejecutado en Nazareno, Oaxaca"},"content":{"rendered":"\n<p>Redacci\u00f3n\/Zona Roja.<\/p>\n\n\n\n<p>Oaxaca de Ju\u00e1rez, Oax., 23 de septiembre de 2021.- Como Fidel Sadot G. R., de 33 a\u00f1os de edad, con el mote de \u201cLa Mu\u00f1eca\u201d, fue identificado el individuo ejecutado ayer en Nazareno, Etla, Oaxaca.<\/p>\n\n\n\n<p>Adem\u00e1s, de acuerdo con sus propios compa\u00f1eros, era integrante de transportistas afiliados a la Confederaci\u00f3n Aut\u00f3noma de Trabajadores y Empleados de M\u00e9xico (CATEM).<\/p>\n\n\n\n<p>El crimen ocurri\u00f3 ayer cerca de las 14:00 horas en la calle Benito Ju\u00e1rez, donde sujetos a bordo de una motocicleta le dispararon.<\/p>\n\n\n\n<p>El hoy occiso perdi\u00f3 la vida al instante, seg\u00fan confirmaron param\u00e9dicos, y era originario de la comunidad de Alem\u00e1n, perteneciente al municipio de San Andr\u00e9s Zautla , Etla.<\/p>\n\n\n\n<p>CAPTURAN A TRES<\/p>\n\n\n\n<p>Por otra parte, respecto al dirigente de transportistas ejecutado el pasado s\u00e1bado en San Francisco Tutla, agencia de Santa Luc\u00eda del Camino, el pasado domingo la Fiscal\u00eda General del Estado de Oaxaca detuvo a tres personas y quedaron a disposici\u00f3n de un juez de Control con sede en San Francisco Tanivet, Tlacolula.<\/p>\n\n\n\n<p>El crimen de Pastor Dom\u00ednguez Silva, quien fue dirigente de la Confederaci\u00f3n Joven de M\u00e9xico, antes CATEM Joven, se perpetr\u00f3 en un comedor denominado \u201cCamino Real\u201d, a unos pasos de la carretera federal 175 Oaxaca-Tuxtepec.<\/p>\n\n\n\n<p>Los aprehendidos fueron identificados de manera preliminar como Hip\u00f3lito S.C., Guillermo A.A.V., y Marco A.N.H., presuntos integrantes de una organizaci\u00f3n delictiva, localizados en la agencia de Santa Rosa Panzacola.<\/p>\n","protected":false},"excerpt":{"rendered":"<p>Redacci\u00f3n\/Zona Roja. Oaxaca de Ju\u00e1rez, Oax., 23 de septiembre de 2021.- Como Fidel Sadot G.&hellip;<\/p>\n","protected":false},"author":2,"featured_media":32353,"comment_status":"closed","ping_status":"open","sticky":false,"template":"","format":"standard","meta":{"_lmt_disableupdate":"","_lmt_disable":"","_jetpack_memberships_contains_paid_content":false,"footnotes":""},"categories":[109,51],"tags":[1956],"class_list":["post-32354","post","type-post","status-publish","format-standard","has-post-thumbnail","hentry","category-minuto-a-minuto","category-zona-roja","tag-nazareno-etla"],"jetpack_featured_media_url":"https:\/\/zonaroja.com.mx\/wp-content\/uploads\/2021\/09\/Ejecutado-Nazareno-Etla.jpg","jetpack_sharing_enabled":true,"_links":{"self":[{"href":"https:\/\/zonaroja.com.mx\/index.php?rest_route=\/wp\/v2\/posts\/32354","targetHints":{"allow":["GET"]}}],"collection":[{"href":"https:\/\/zonaroja.com.mx\/index.php?rest_route=\/wp\/v2\/posts"}],"about":[{"href":"https:\/\/zonaroja.com.mx\/index.php?rest_route=\/wp\/v2\/types\/post"}],"author":[{"embeddable":true,"href":"https:\/\/zonaroja.com.mx\/index.php?rest_route=\/wp\/v2\/users\/2"}],"replies":[{"embeddable":true,"href":"https:\/\/zonaroja.com.mx\/index.php?rest_route=%2Fwp%2Fv2%2Fcomments&post=32354"}],"version-history":[{"count":1,"href":"https:\/\/zonaroja.com.mx\/index.php?rest_route=\/wp\/v2\/posts\/32354\/revisions"}],"predecessor-version":[{"id":32355,"href":"https:\/\/zonaroja.com.mx\/index.php?rest_route=\/wp\/v2\/posts\/32354\/revisions\/32355"}],"wp:featuredmedia":[{"embeddable":true,"href":"https:\/\/zonaroja.com.mx\/index.php?rest_route=\/wp\/v2\/media\/32353"}],"wp:attachment":[{"href":"https:\/\/zonaroja.com.mx\/index.php?rest_route=%2Fwp%2Fv2%2Fmedia&parent=32354"}],"wp:term":[{"taxonomy":"category","embeddable":true,"href":"https:\/\/zonaroja.com.mx\/index.php?rest_route=%2Fwp%2Fv2%2Fcategories&post=32354"},{"taxonomy":"post_tag","embeddable":true,"href":"https:\/\/zonaroja.com.mx\/index.php?rest_route=%2Fwp%2Fv2%2Ftags&post=32354"}],"curies":[{"name":"wp","href":"https:\/\/api.w.org\/{rel}","templated":true}]}}