{"id":32364,"date":"2021-09-23T12:27:29","date_gmt":"2021-09-23T17:27:29","guid":{"rendered":"https:\/\/www.zonaroja.com.mx\/?p=32364"},"modified":"2021-09-23T12:27:33","modified_gmt":"2021-09-23T17:27:33","slug":"pide-congreso-investigacion-de-ataque-contra-edil-de-ayutla-y-castigo-a-responsables","status":"publish","type":"post","link":"https:\/\/zonaroja.com.mx\/?p=32364","title":{"rendered":"Pide Congreso investigaci\u00f3n de ataque contra edil de Ayutla y castigo a responsables"},"content":{"rendered":"\n<p>Evlin Arag\u00f3n\/Zona Roja.&nbsp;<\/p>\n\n\n\n<p>Oaxaca de Ju\u00e1rez, Oax., 23 de septiembre de 2021.-&nbsp;La diputada local por Morena, Magaly L\u00f3pez Dom\u00ednguez, exigi\u00f3 al fiscal de Oaxaca, Arturo Peimbert Calvo, indagar sobre el atentado contra el edil de San Pedro y San Pablo Ayutla, Jes\u00fas Galv\u00e1n Rojas, registrado la madrugada de&nbsp;este lunes, as\u00ed como castigar a los responsables de los hechos.&nbsp;&nbsp;<\/p>\n\n\n\n<p>En tribuna, la legisladora present\u00f3 un exhorto al titular de Fiscal\u00eda General de Justicia de Oaxaca para que las investigaciones se lleven a cabo de manera pronta, completa, expedita e imparcial para identificar a los responsables del ataque que puso en riesgo, no s\u00f3lo al edil, sino a las familias que habitan cerca.&nbsp;<\/p>\n\n\n\n<p>Dicho llamado incluy\u00f3 al gobernador de Oaxaca, Alejandro Murat Hinojosa, para que instruya las medidas de protecci\u00f3n hacia quienes forman parte de la asamblea de la comunidad y de las autoridades municipales con el fin de evitar que puedan ser v\u00edctimas de futuros actos violentos.&nbsp;<\/p>\n\n\n\n<p>La legisladora record\u00f3 que la agresi\u00f3n al veh\u00edculo del edil se llev\u00f3 a cabo en inmediaciones de una vecindad en la que habitan por lo menos tres familias quienes vivieron momentos de p\u00e1nico al escuchar las explosiones causadas por el fuego al interior del veh\u00edculo incendiado.&nbsp;&nbsp;<\/p>\n\n\n\n<p>As\u00ed mismo refiri\u00f3 las amenazas que previamente hab\u00edan recibido el edil Jes\u00fas Galv\u00e1n y las autoridades comunitarias, raz\u00f3n por la que acudieron a la Defensor\u00eda de los Derechos Humanos del Pueblo de Oaxaca (DDHPO), instancia que solicit\u00f3 medidas de protecci\u00f3n a la Secretar\u00eda de Seguridad P\u00fablica.&nbsp;&nbsp;<\/p>\n\n\n\n<p>Lo anterior, asegur\u00f3, derivado a su activa participaci\u00f3n en la firma de acuerdos&nbsp;que ponen fin al conflicto entre San Pedro y San Ayutla y Tamazul\u00e1pam del Esp\u00edritu Santo, los cuales han sido aplaudidos por buena parte de la poblaci\u00f3n, sin embargo, tambi\u00e9n han causado inconformidad.&nbsp;<\/p>\n\n\n\n<p>Por ello, la diputada insisti\u00f3 en el exhort\u00f3 al fiscal y al gobernador de Oaxaca para que act\u00faen en consecuencia, se investigue el ataque contra el edil, se castigue a los responsables y se proteja a quienes buscan devolverle la paz al pueblo de Ayutla.&nbsp;&nbsp;<\/p>\n\n\n\n<p>Fue la madrugada del 20 de septiembre que, por medio de un video, se dio a conocer la quema de la camioneta propiedad de Jes\u00fas Galv\u00e1n Rojas, as\u00ed como la detonaci\u00f3n de armas de fuego con la firme intenci\u00f3n de amedrentarlo. <\/p>\n","protected":false},"excerpt":{"rendered":"<p>Evlin Arag\u00f3n\/Zona Roja.&nbsp; Oaxaca de Ju\u00e1rez, Oax., 23 de septiembre de 2021.-&nbsp;La diputada local por&hellip;<\/p>\n","protected":false},"author":2,"featured_media":32351,"comment_status":"closed","ping_status":"open","sticky":false,"template":"","format":"standard","meta":{"_lmt_disableupdate":"","_lmt_disable":"","_jetpack_memberships_contains_paid_content":false,"footnotes":""},"categories":[109,46],"tags":[],"class_list":["post-32364","post","type-post","status-publish","format-standard","has-post-thumbnail","hentry","category-minuto-a-minuto","category-zona-blanca"],"jetpack_featured_media_url":"https:\/\/zonaroja.com.mx\/wp-content\/uploads\/2021\/09\/Magaly-Lopez-D.-1.jpg","jetpack_sharing_enabled":true,"_links":{"self":[{"href":"https:\/\/zonaroja.com.mx\/index.php?rest_route=\/wp\/v2\/posts\/32364","targetHints":{"allow":["GET"]}}],"collection":[{"href":"https:\/\/zonaroja.com.mx\/index.php?rest_route=\/wp\/v2\/posts"}],"about":[{"href":"https:\/\/zonaroja.com.mx\/index.php?rest_route=\/wp\/v2\/types\/post"}],"author":[{"embeddable":true,"href":"https:\/\/zonaroja.com.mx\/index.php?rest_route=\/wp\/v2\/users\/2"}],"replies":[{"embeddable":true,"href":"https:\/\/zonaroja.com.mx\/index.php?rest_route=%2Fwp%2Fv2%2Fcomments&post=32364"}],"version-history":[{"count":1,"href":"https:\/\/zonaroja.com.mx\/index.php?rest_route=\/wp\/v2\/posts\/32364\/revisions"}],"predecessor-version":[{"id":32365,"href":"https:\/\/zonaroja.com.mx\/index.php?rest_route=\/wp\/v2\/posts\/32364\/revisions\/32365"}],"wp:featuredmedia":[{"embeddable":true,"href":"https:\/\/zonaroja.com.mx\/index.php?rest_route=\/wp\/v2\/media\/32351"}],"wp:attachment":[{"href":"https:\/\/zonaroja.com.mx\/index.php?rest_route=%2Fwp%2Fv2%2Fmedia&parent=32364"}],"wp:term":[{"taxonomy":"category","embeddable":true,"href":"https:\/\/zonaroja.com.mx\/index.php?rest_route=%2Fwp%2Fv2%2Fcategories&post=32364"},{"taxonomy":"post_tag","embeddable":true,"href":"https:\/\/zonaroja.com.mx\/index.php?rest_route=%2Fwp%2Fv2%2Ftags&post=32364"}],"curies":[{"name":"wp","href":"https:\/\/api.w.org\/{rel}","templated":true}]}}