{"id":32370,"date":"2021-09-23T19:20:35","date_gmt":"2021-09-24T00:20:35","guid":{"rendered":"http:\/\/www.zonaroja.com.mx\/?p=32370"},"modified":"2021-09-23T19:22:50","modified_gmt":"2021-09-24T00:22:50","slug":"insabi-se-deslinda-de-situacion-que-atraviesa-el-hospital-de-la-ninez-oaxaquena","status":"publish","type":"post","link":"https:\/\/zonaroja.com.mx\/?p=32370","title":{"rendered":"Insabi se deslinda de situaci\u00f3n que atraviesa el Hospital de la Ni\u00f1ez Oaxaque\u00f1a"},"content":{"rendered":"\n<p>Redacci\u00f3n\/Zona Roja Cdmx.<\/p>\n\n\n\n<p>Ciudad de M\u00e9xico, 23 de septiembre de 2021.- El Instituto de Salud para el Bienestar (Insabi) se deslind\u00f3 de la situaci\u00f3n por la que atraviesa el Hospital de la Ni\u00f1ez Oaxaque\u00f1a, que padece falta de medicamentos oncol\u00f3gicos y recorte de personal que a su vez, ha dejado sin atenci\u00f3n m\u00e9dica a ni\u00f1as y ni\u00f1os.<\/p>\n\n\n\n<p>En un comunicado, el Insabi destac\u00f3 que dicho hospital fue inaugurado en 1998, como un Organismo P\u00fablico Descentralizado (OPD) del gobierno del estado de Oaxaca, por lo cual, no recibe recursos directos del estado ni de la Federaci\u00f3n.<\/p>\n\n\n\n<p>No obstante, se\u00f1al\u00f3 que independientemente de la naturaleza jur\u00eddica de este organismo, se busca \u201cresolver, no burocratizar\u201d, para terminar con el desabasto de medicamentos.<\/p>\n\n\n\n<p>\u201cLa naturaleza jur\u00eddica de este nosocomio hace que tenga personalidad jur\u00eddica y patrimonio propios y con autonom\u00eda en cuanto a sus resoluciones y funciones. Es decir, administra de manera independiente sus recursos\u201d, se\u00f1al\u00f3.<\/p>\n\n\n\n<p>Por tanto, con la finalidad de solucionar la carencia de medicamentos del Hospital de la Ni\u00f1ez Oaxaque\u00f1a, el Insabi inform\u00f3 que el pasado 1 de septiembre propuso una reuni\u00f3n entre padres, madres, directivos del Hospital de la Ni\u00f1ez Oaxaque\u00f1a y autoridades sanitarias estatales.<\/p>\n\n\n\n<p>Y aclar\u00f3 que en el encuentro del pasado 8 de septiembre, el vocero del Colectivo de Madres y Padres de Ni\u00f1as y Ni\u00f1os con C\u00e1ncer se\u00f1al\u00f3 que se hab\u00eda decidido no involucrar m\u00e1s a la representante de familiares de ese hospital, ya que estaba politizando la situaci\u00f3n.<\/p>\n\n\n\n<p>\u201cSe reitera a la sociedad mexicana que las acciones que lleva a cabo el Insabi en ning\u00fan momento buscan poner en riesgo a los pacientes, como se ha difundido de manera falsa.<\/p>\n\n\n\n<p>\u201cLa actuaci\u00f3n de este Instituto es para hacer efectivo un derecho que tienen todas y todos los mexicanos: el derecho a la salud. Decir lo contrario es una falta a la verdad\u201d.<\/p>\n\n\n\n<p>Por otra parte, el Insabi se\u00f1al\u00f3 que la publicaci\u00f3n en donde se asegura que la cocina del Hospital de la Ni\u00f1ez Oaxaque\u00f1a pide ayuda, es falsa.<\/p>\n\n\n\n<p>\u201cEsto es totalmente falso. El Insabi lo ha corroborado con las autoridades del hospital. Esto es mentira\u201d.<\/p>\n\n\n\n<p>HAY PRESUPUESTO<\/p>\n\n\n\n<p>Juan Antonio Ferrer Aguilar, director del Instituto de Salud para el Bienestar (Insabi) inform\u00f3 que&nbsp; en Oaxaca, \u201cse han depositado puntualmente\u201d todas las aportaciones en materia de Salud para la entidad, las cuales, suman mil 144.5 millones de pesos en tres trimestres.<\/p>\n\n\n\n<p>Durante una reuni\u00f3n con el gobernador de Oaxaca, Alejandro Murat Hinojosa, donde tambi\u00e9n estuvo presente el director general del Instituto Mexicano del Seguro Social (IMSS), Zo\u00e9 Robledo, el titular del Insabi a\u00f1adi\u00f3 que actualmente se tiene \u201cdada de alta\u201d una n\u00f3mina de 527 trabajadores para la atenci\u00f3n de la pandemia por covid 19, que al d\u00eda de hoy representan 300 millones de pesos.<\/p>\n\n\n\n<p>\u201cEntonces a la fecha nosotros llevamos \u00edntegros los dep\u00f3sitos, del Insabi no hay ning\u00fan atraso. Ha sido algo que desde luego el presidente ha influido, pero tambi\u00e9n el secretario Alcocer ha estado atento a lo que sucede en Oaxaca y nuestro inter\u00e9s es seguir apoyando\u201d.<\/p>\n\n\n\n<p>Durante el encuentro, que tuvo como objetivo lograr el reordenamiento del sector salud oaxaque\u00f1o &#8211;derivada del t\u00e9rmino de vigencia de dos mil 125 plazas eventuales que no cuentan con fuente de financiamiento&#8211; tambi\u00e9n, el Insabi se comprometi\u00f3 a garantizar el abasto de medicamentos e insumos para la atenci\u00f3n de la poblaci\u00f3n oaxaque\u00f1a.<\/p>\n\n\n\n<p>Por otra parte, el gobernador de la entidad se\u00f1al\u00f3 que su administraci\u00f3n trabaja para presentar una soluci\u00f3n y no solamente llevar el problema a la federaci\u00f3n.<\/p>\n\n\n\n<p>\u201cY la soluci\u00f3n radica primero en atender del hoy hacia atr\u00e1s. Cerrar con cero deuda la parte de las obligaciones que tenemos tanto fiscales como de seguridad social, y regularizar y ordenar de mejor manera los gastos del sector para que Oaxaca pueda tener el sistema de salud eficiente que se merece\u201d, sostuvo Murat Hinojosa.<\/p>\n\n\n\n<p>(Informaci\u00f3n de \u00abExcelsior\u00bb)<\/p>\n","protected":false},"excerpt":{"rendered":"<p>Redacci\u00f3n\/Zona Roja Cdmx. Ciudad de M\u00e9xico, 23 de septiembre de 2021.- El Instituto de Salud&hellip;<\/p>\n","protected":false},"author":2,"featured_media":32371,"comment_status":"closed","ping_status":"open","sticky":false,"template":"","format":"standard","meta":{"_lmt_disableupdate":"","_lmt_disable":"","_jetpack_memberships_contains_paid_content":false,"footnotes":""},"categories":[109,47],"tags":[318,1951],"class_list":["post-32370","post","type-post","status-publish","format-standard","has-post-thumbnail","hentry","category-minuto-a-minuto","category-zona-gris","tag-hospital-de-la-ninez-oaxaquena","tag-instituto-de-salud-para-el-bienestar-insabi"],"jetpack_featured_media_url":"https:\/\/zonaroja.com.mx\/wp-content\/uploads\/2021\/09\/Hospital-de-la-Ninez-Oaxaquena.jpg","jetpack_sharing_enabled":true,"_links":{"self":[{"href":"https:\/\/zonaroja.com.mx\/index.php?rest_route=\/wp\/v2\/posts\/32370","targetHints":{"allow":["GET"]}}],"collection":[{"href":"https:\/\/zonaroja.com.mx\/index.php?rest_route=\/wp\/v2\/posts"}],"about":[{"href":"https:\/\/zonaroja.com.mx\/index.php?rest_route=\/wp\/v2\/types\/post"}],"author":[{"embeddable":true,"href":"https:\/\/zonaroja.com.mx\/index.php?rest_route=\/wp\/v2\/users\/2"}],"replies":[{"embeddable":true,"href":"https:\/\/zonaroja.com.mx\/index.php?rest_route=%2Fwp%2Fv2%2Fcomments&post=32370"}],"version-history":[{"count":1,"href":"https:\/\/zonaroja.com.mx\/index.php?rest_route=\/wp\/v2\/posts\/32370\/revisions"}],"predecessor-version":[{"id":32372,"href":"https:\/\/zonaroja.com.mx\/index.php?rest_route=\/wp\/v2\/posts\/32370\/revisions\/32372"}],"wp:featuredmedia":[{"embeddable":true,"href":"https:\/\/zonaroja.com.mx\/index.php?rest_route=\/wp\/v2\/media\/32371"}],"wp:attachment":[{"href":"https:\/\/zonaroja.com.mx\/index.php?rest_route=%2Fwp%2Fv2%2Fmedia&parent=32370"}],"wp:term":[{"taxonomy":"category","embeddable":true,"href":"https:\/\/zonaroja.com.mx\/index.php?rest_route=%2Fwp%2Fv2%2Fcategories&post=32370"},{"taxonomy":"post_tag","embeddable":true,"href":"https:\/\/zonaroja.com.mx\/index.php?rest_route=%2Fwp%2Fv2%2Ftags&post=32370"}],"curies":[{"name":"wp","href":"https:\/\/api.w.org\/{rel}","templated":true}]}}