{"id":32373,"date":"2021-09-23T19:47:52","date_gmt":"2021-09-24T00:47:52","guid":{"rendered":"http:\/\/www.zonaroja.com.mx\/?p=32373"},"modified":"2021-09-23T19:47:56","modified_gmt":"2021-09-24T00:47:56","slug":"otro-dia-de-perros-para-oaxaca-fuera-de-control-protestas-en-el-estado","status":"publish","type":"post","link":"https:\/\/zonaroja.com.mx\/?p=32373","title":{"rendered":"Otro d\u00eda de perros para Oaxaca: fuera de control protestas en el estado"},"content":{"rendered":"\n<p>Evlin Arag\u00f3n\/Zona Roja.<\/p>\n\n\n\n<p>Oaxaca de Ju\u00e1rez, Oax., 23 de septiembre de 2021.- Las protestas se multiplicaron por cuarto d\u00eda consecutivo en Oaxaca, tanto en la capital como en el interior del estado.<\/p>\n\n\n\n<p>En su ruta de movilizaci\u00f3n y protesta, personal recientemente despedido de los Servicios de Salud de Oaxaca mantuvo, este jueves, el cierre de la circulaci\u00f3n vehicular en las calles de avenida Ju\u00e1rez y Pino Su\u00e1rez de la capital para exigir su reinstalaci\u00f3n inmediata.&nbsp;<\/p>\n\n\n\n<p>Con una enorme lona de por medio, los tambi\u00e9n integrantes de la Coordinadora de Sindicatos de Salud de Oaxaca (CSSO) mantienen su exigencia de alto a los despidos injustificados y su incorporaci\u00f3n al Instituto de Salud para el Bienestar (Insabi), como lo han venido haciendo desde hace semanas en la capital oaxaque\u00f1a.&nbsp;<\/p>\n\n\n\n<p>Ah\u00ed se hicieron acompa\u00f1ar de Antorcha Campesina cuyo dirigente, Dimas Romero, anunci\u00f3 que en caso de que no sea atendida su demanda, la organizaci\u00f3n se movilizar\u00e1 en toda la entidad a partir de la pr\u00f3xima semana para respaldar la lucha del personal de salud.&nbsp;<\/p>\n\n\n\n<p>De igual forma y desde temprana hora, personal m\u00e9dico que anteriormente se encontraba adscrito al Hospital de la Ni\u00f1ez Oaxaque\u00f1a, se instal\u00f3 en el Paseo Ju\u00e1rez \u201cEl Llano\u201d para brindar atenci\u00f3n m\u00e9dica gratuita a la poblaci\u00f3n que as\u00ed lo requiera, acci\u00f3n que han decidido implementar como protesta.<\/p>\n\n\n\n<figure class=\"wp-block-embed-twitter wp-block-embed is-type-rich is-provider-twitter\"><div class=\"wp-block-embed__wrapper\">\n<div class=\"twitter-tweet\"><blockquote class=\"twitter-tweet\" data-lang=\"es\"><p lang=\"es\" dir=\"ltr\"><a href=\"https:\/\/twitter.com\/hashtag\/%C3%9AltimoMinuto?src=hash&amp;ref_src=twsrc%5Etfw\">#\u00daltimoMinuto<\/a> <br>Una en\u00e9sima movilizaci\u00f3n con marcha se prepara en la v\u00eda federal 190 Oaxaca-Istmo, jurisdicci\u00f3n de Santa Luc\u00eda del Camino, por parte de la organizaci\u00f3n \u201cSol Rojo\u201d. <a href=\"https:\/\/t.co\/N2m2cDp9o3\">pic.twitter.com\/N2m2cDp9o3<\/a><\/p>&mdash; Zona Roja Oaxaca (@Zona_Roja_Oax) <a href=\"https:\/\/twitter.com\/Zona_Roja_Oax\/status\/1441066133096906752?ref_src=twsrc%5Etfw\">23 de septiembre de 2021<\/a><\/blockquote><\/div>\n<\/div><\/figure>\n\n\n\n<p>MARCHA Y BLOQUEO<\/p>\n\n\n\n<p>Las movilizaciones de este jueves incluyeron una marcha por parte de la organizaci\u00f3n \u201cSol Rojo\u201d, cuyos integrantes salieron a las calles para exigir justicia a sus agremiados, adem\u00e1s que agregaron la atenci\u00f3n al personal despedido de salud dentro de sus consignas, por lo que integrantes del Sindicato Independiente Nacional de Trabajadores de Salud march\u00f3 junto a la organizaci\u00f3n.&nbsp;<\/p>\n\n\n\n<p>Por momentos la marcha se torn\u00f3 violenta debido el af\u00e1n de los manifestantes por tomar unidades de motor del servicio p\u00fablico y la resistencia de los ch\u00f3feres de las mismas a entregar sus llaves; adem\u00e1s que incluy\u00f3 el bloqueo al crucero del estadio de b\u00e9isbol \u201cEduardo Vasconcelos\u201d, la toma de dependencias como la Defensor\u00eda de los Derechos Humanos del Pueblo de Oaxaca y decenas de pintas durante su trayecto.&nbsp;<\/p>\n\n\n\n<p>La movilizaci\u00f3n de \u201cSol Rojo\u201d incluy\u00f3 bloqueos viales al interior del estado, en donde participaron otras organizaciones como la Uni\u00f3n de Comunidades Ind\u00edgenas de la Zona Norte del Istmo (UCIZONI) quien se manifest\u00f3 por el alza en el servicio que brinda la Comisi\u00f3n Federal de Electricidad (CFE).<\/p>\n\n\n\n<p>De acuerdo con los reportes de corporaciones viales en la regi\u00f3n del Istmo se registraron cortes viales en la carretera Panamericana tramo Jalapa del Marqu\u00e9s \u2013 Tehuantepec; sobre la autopista 185 D Tramo Salina Cruz &#8211; Ciudad Ixtepec; y en la carretera 185 Trans\u00edstmica tramo La Ventosa &#8211; Mat\u00edas Romero.<\/p>\n\n\n\n<p>Lo anterior impidi\u00f3 el paso hacia Oaxaca de Ju\u00e1rez, Mat\u00edas Romero, Tuxtepec y al estado de Veracruz.<\/p>\n\n\n\n<figure class=\"wp-block-embed-twitter wp-block-embed is-type-rich is-provider-twitter\"><div class=\"wp-block-embed__wrapper\">\n<div class=\"twitter-tweet\"><blockquote class=\"twitter-tweet\" data-lang=\"es\"><p lang=\"es\" dir=\"ltr\"><a href=\"https:\/\/twitter.com\/hashtag\/%C3%9AltimoMinuto?src=hash&amp;ref_src=twsrc%5Etfw\">#\u00daltimoMinuto<\/a> <br>Latentes, m\u00faltiples protestas en Oaxaca. <br>\u00bfY la <a href=\"https:\/\/twitter.com\/SEGEGO_GobOax?ref_src=twsrc%5Etfw\">@SEGEGO_GobOax<\/a> que a\u00fan preside <a href=\"https:\/\/twitter.com\/PacoPiza9?ref_src=twsrc%5Etfw\">@PacoPiza9<\/a>?<br>Bloqueos carreteros en el Istmo y la Cuenca. <br>El STEUABJO insiste al gobierno en su bono. <br>Eventuales de salud arreciar\u00e1n actividades hoy. <a href=\"https:\/\/t.co\/lMBcBZ8epi\">pic.twitter.com\/lMBcBZ8epi<\/a><\/p>&mdash; Zona Roja Oaxaca (@Zona_Roja_Oax) <a href=\"https:\/\/twitter.com\/Zona_Roja_Oax\/status\/1441050112088633355?ref_src=twsrc%5Etfw\">23 de septiembre de 2021<\/a><\/blockquote><\/div>\n<\/div><\/figure>\n\n\n\n<p>De regreso a la capital oaxaque\u00f1a y como lo han hecho desde inicios de la semana, integrantes del Sindicato de Trabajadores y Empleados de la Universidad Aut\u00f3noma \u201cBenito Ju\u00e1rez\u201d de Oaxaca bloquearon avenida Universidad para denunciar la falta de atenci\u00f3n a sus demandas de car\u00e1cter laboral por parte de la autoridad universitaria y el gobierno del estado, a quienes le exigen el pago de un bono pendiente.&nbsp;<\/p>\n\n\n\n<p>As\u00ed mismo, j\u00f3venes adheridos a la Federaci\u00f3n Nacional de Estudiantes Revolucionarios \u201cRafael Ram\u00edrez\u201d (FNERRR) llevaron a cabo una cadena humana en la Alameda de Le\u00f3n para exigir que se agilice el proceso de vacunaci\u00f3n a mujeres y varones de 12 a 17 a\u00f1os de edad.<\/p>\n\n\n\n<p>Explicaron que algunos otros pa\u00edses como Cuba, ya iniciaron la vacunaci\u00f3n a menores de edad, y en el caso de M\u00e9xico el presidente anunci\u00f3 que s\u00f3lo se le dar\u00e1 prioridad a quienes padezcan alguna enfermedad.&nbsp;<\/p>\n","protected":false},"excerpt":{"rendered":"<p>Evlin Arag\u00f3n\/Zona Roja. Oaxaca de Ju\u00e1rez, Oax., 23 de septiembre de 2021.- Las protestas se&hellip;<\/p>\n","protected":false},"author":2,"featured_media":32374,"comment_status":"closed","ping_status":"open","sticky":false,"template":"","format":"standard","meta":{"_lmt_disableupdate":"","_lmt_disable":"","_jetpack_memberships_contains_paid_content":false,"footnotes":""},"categories":[109,47],"tags":[2496],"class_list":["post-32373","post","type-post","status-publish","format-standard","has-post-thumbnail","hentry","category-minuto-a-minuto","category-zona-gris","tag-marchas-y-bloqueos-oaxaca"],"jetpack_featured_media_url":"https:\/\/zonaroja.com.mx\/wp-content\/uploads\/2021\/09\/Bloqueo-Sol-Rojo-Oaxaca.jpg","jetpack_sharing_enabled":true,"_links":{"self":[{"href":"https:\/\/zonaroja.com.mx\/index.php?rest_route=\/wp\/v2\/posts\/32373","targetHints":{"allow":["GET"]}}],"collection":[{"href":"https:\/\/zonaroja.com.mx\/index.php?rest_route=\/wp\/v2\/posts"}],"about":[{"href":"https:\/\/zonaroja.com.mx\/index.php?rest_route=\/wp\/v2\/types\/post"}],"author":[{"embeddable":true,"href":"https:\/\/zonaroja.com.mx\/index.php?rest_route=\/wp\/v2\/users\/2"}],"replies":[{"embeddable":true,"href":"https:\/\/zonaroja.com.mx\/index.php?rest_route=%2Fwp%2Fv2%2Fcomments&post=32373"}],"version-history":[{"count":1,"href":"https:\/\/zonaroja.com.mx\/index.php?rest_route=\/wp\/v2\/posts\/32373\/revisions"}],"predecessor-version":[{"id":32375,"href":"https:\/\/zonaroja.com.mx\/index.php?rest_route=\/wp\/v2\/posts\/32373\/revisions\/32375"}],"wp:featuredmedia":[{"embeddable":true,"href":"https:\/\/zonaroja.com.mx\/index.php?rest_route=\/wp\/v2\/media\/32374"}],"wp:attachment":[{"href":"https:\/\/zonaroja.com.mx\/index.php?rest_route=%2Fwp%2Fv2%2Fmedia&parent=32373"}],"wp:term":[{"taxonomy":"category","embeddable":true,"href":"https:\/\/zonaroja.com.mx\/index.php?rest_route=%2Fwp%2Fv2%2Fcategories&post=32373"},{"taxonomy":"post_tag","embeddable":true,"href":"https:\/\/zonaroja.com.mx\/index.php?rest_route=%2Fwp%2Fv2%2Ftags&post=32373"}],"curies":[{"name":"wp","href":"https:\/\/api.w.org\/{rel}","templated":true}]}}