{"id":32383,"date":"2021-09-24T07:30:33","date_gmt":"2021-09-24T12:30:33","guid":{"rendered":"http:\/\/www.zonaroja.com.mx\/?p=32383"},"modified":"2021-09-24T07:30:37","modified_gmt":"2021-09-24T12:30:37","slug":"marquez-heine-y-otra-funcionaria-de-sso-socios-de-hospital-privado","status":"publish","type":"post","link":"https:\/\/zonaroja.com.mx\/?p=32383","title":{"rendered":"M\u00e1rquez Heine y otra funcionaria de SSO, socios de hospital privado"},"content":{"rendered":"\n<p>Redacci\u00f3n\/Zona Roja.<\/p>\n\n\n\n<p>Oaxaca de Ju\u00e1rez, Oax., 24 de septiembre de 2021.- El titular de los Servicios de Salud de Oaxaca, Juan Carlos M\u00e1rquez Heine, y la subsecretaria m\u00e9dica, Mariel Pizarro, ser\u00edan socios del hospital \u201cSan Lucas\u201d de la ciudad de Oaxaca.<\/p>\n\n\n\n<p>De acuerdo con informaci\u00f3n difundida en redes sociales, y corroboradas con personal de ese nosocomio ubicado en la calle Las Rosas 210 de la colonia Reforma.<\/p>\n\n\n\n<p>El inmueble, con un costo aproximado de 50 millones de pesos, cuenta con m\u00faltiples consultorios y \u00e1reas especializadas, entre ellas quir\u00f3fanos.<\/p>\n\n\n\n<p>Las mismas placas en el interior revelan los nombres de M\u00e1rquez Heine, como especialista en Urolog\u00eda, y Pizarro Castelanos en neurolog\u00eda pedi\u00e1trica.<\/p>\n\n\n\n<p>Ello a pesar que desde que asumieron el cargo, no dan consultas, pues aseguran que su funci\u00f3n en el servicio p\u00fablico les impide ejercer su profesi\u00f3n.<\/p>\n\n\n\n<p>Directivos del hospital \u201cSan Lucas\u201d se han negado a proporcionar los nombres de los socios; no obstante, personal del nosocomio, as\u00ed como colaboradores cercanos al titular de Salud corroboran la inversi\u00f3n de M\u00e1rquez Heine.<\/p>\n\n\n\n<p>El actual responsable de los SSO ha sido cuestionado en m\u00faltiples ocasiones, desde su paso como responsable del R\u00e9gimen Estatal de Protecci\u00f3n Social en Salud, conocido como Seguro Popular, donde organismos como \u201cOaxaque\u00f1os contra la Corrupci\u00f3n\u201d, han revelado el uso de empresas factureras para justificar los ingresos, as\u00ed como licitaciones ama\u00f1adas, adem\u00e1s de probables desv\u00edos de recursos.<\/p>\n\n\n\n<p>En su cargo al frente de los Servicios de Salud, M\u00e1rquez Heine enfrenta una crisis financiera, supuestamente atribuida a sexenios anteriores por la contrataci\u00f3n excesiva de m\u00e1s de cinco mil trabajadores eventuales, y quienes no fueron recontratados supuestamente por falta de presupuesto.<\/p>\n\n\n\n<p>Sin embargo, apenas el pasado mi\u00e9rcoles, el Instituto de Salud para el Bienestar (Insabi) revel\u00f3 que ha depositado puntualmente las ministraciones presupuestales y en tres trimestres, suman mil 144.5 millones de pesos.<\/p>\n\n\n\n<p>Adem\u00e1s, el a\u00f1o anterior y este 2021, ha contratado y pagado de manera adicional a 527 trabajadores destinados a atender a pacientes con Covid-19, para lo cual ha destinado 300 millones de pesos.<\/p>\n","protected":false},"excerpt":{"rendered":"<p>Redacci\u00f3n\/Zona Roja. Oaxaca de Ju\u00e1rez, Oax., 24 de septiembre de 2021.- El titular de los&hellip;<\/p>\n","protected":false},"author":2,"featured_media":32384,"comment_status":"closed","ping_status":"open","sticky":false,"template":"","format":"standard","meta":{"_lmt_disableupdate":"","_lmt_disable":"","_jetpack_memberships_contains_paid_content":false,"footnotes":""},"categories":[109,47],"tags":[1701],"class_list":["post-32383","post","type-post","status-publish","format-standard","has-post-thumbnail","hentry","category-minuto-a-minuto","category-zona-gris","tag-juan-carlos-marquez-heine"],"jetpack_featured_media_url":"https:\/\/zonaroja.com.mx\/wp-content\/uploads\/2021\/09\/Hospital-San-Lucas-Oaxaca.jpg","jetpack_sharing_enabled":true,"_links":{"self":[{"href":"https:\/\/zonaroja.com.mx\/index.php?rest_route=\/wp\/v2\/posts\/32383","targetHints":{"allow":["GET"]}}],"collection":[{"href":"https:\/\/zonaroja.com.mx\/index.php?rest_route=\/wp\/v2\/posts"}],"about":[{"href":"https:\/\/zonaroja.com.mx\/index.php?rest_route=\/wp\/v2\/types\/post"}],"author":[{"embeddable":true,"href":"https:\/\/zonaroja.com.mx\/index.php?rest_route=\/wp\/v2\/users\/2"}],"replies":[{"embeddable":true,"href":"https:\/\/zonaroja.com.mx\/index.php?rest_route=%2Fwp%2Fv2%2Fcomments&post=32383"}],"version-history":[{"count":1,"href":"https:\/\/zonaroja.com.mx\/index.php?rest_route=\/wp\/v2\/posts\/32383\/revisions"}],"predecessor-version":[{"id":32385,"href":"https:\/\/zonaroja.com.mx\/index.php?rest_route=\/wp\/v2\/posts\/32383\/revisions\/32385"}],"wp:featuredmedia":[{"embeddable":true,"href":"https:\/\/zonaroja.com.mx\/index.php?rest_route=\/wp\/v2\/media\/32384"}],"wp:attachment":[{"href":"https:\/\/zonaroja.com.mx\/index.php?rest_route=%2Fwp%2Fv2%2Fmedia&parent=32383"}],"wp:term":[{"taxonomy":"category","embeddable":true,"href":"https:\/\/zonaroja.com.mx\/index.php?rest_route=%2Fwp%2Fv2%2Fcategories&post=32383"},{"taxonomy":"post_tag","embeddable":true,"href":"https:\/\/zonaroja.com.mx\/index.php?rest_route=%2Fwp%2Fv2%2Ftags&post=32383"}],"curies":[{"name":"wp","href":"https:\/\/api.w.org\/{rel}","templated":true}]}}