{"id":3239,"date":"2019-08-20T20:38:58","date_gmt":"2019-08-21T01:38:58","guid":{"rendered":"http:\/\/www.zonaroja.com.mx\/?p=3239"},"modified":"2019-08-20T20:39:00","modified_gmt":"2019-08-21T01:39:00","slug":"incumplen-segego-y-fiscalia-cita-con-familiares-de-desaparecidos","status":"publish","type":"post","link":"https:\/\/zonaroja.com.mx\/?p=3239","title":{"rendered":"Incumplen Segego y Fiscal\u00eda cita con familiares de desaparecidos"},"content":{"rendered":"\n<p>Redacci\u00f3n\/Zona Roja.<\/p>\n\n\n\n<p>Oaxaca de Ju\u00e1rez, Oax., Integrantes del\nColectivo Oaxaque\u00f1os Unidos Exigiendo Justicia denunciaron que titulares de la\nSecretar\u00eda General de Gobierno (Segego) y de la Fiscal\u00eda General del Estado\nincumplieron con atenderlos ayer, tras cita acordada con anterioridad.<\/p>\n\n\n\n<p>El grupo se conform\u00f3 desde hace m\u00e1s de\nun a\u00f1o con familiares de personas desaparecidas; desde el 30 de agosto de 2018\nhab\u00edan pedido una reuni\u00f3n con el fiscal Rub\u00e9n Vasconcelos M\u00e9ndez, indicaron.<\/p>\n\n\n\n<p>Tras la protesta que efectuaron el\nprimer Lunes del Cerro, fueron agendados para este lunes 19 de agosto; sin\nembargo, ni el titular de la Fiscal\u00eda (Rub\u00e9n Vasconcelos M\u00e9ndez) ni de la\nSegego (H\u00e9ctor Anuar Mafud) los atendi\u00f3, como se hab\u00eda acordado.<\/p>\n\n\n\n<p>La intenci\u00f3n era, indic\u00f3, dar seguimiento\na las investigaciones que realiza la instancia de procuraci\u00f3n de justicia a los\ncasos de personas desaparecidas; no obstante, no hay ning\u00fan avance.<\/p>\n\n\n\n<p>En reiteradas ocasiones han denunciado\nnulas indagatorias en diversos casos de desaparecidos, entre ellos algunos\nprofesores de la Secci\u00f3n 22 del SNTE, como Carlos Ren\u00e9 Rom\u00e1n Salazar, Ren\u00e9\nAlejandro Cruz Esteban y Fidel Gabriel V\u00e1squez.<\/p>\n\n\n\n<p>As\u00ed mismo, el marino Bruno Alonso\nAvenda\u00f1o Mart\u00ednez, Jos\u00e9 Alberto Mart\u00ednez Santiago, David Christian Echeverr\u00eda\nTrejo, Severina Paz Bautista, Aldo Gonz\u00e1lez Aguirre, el abogado Ernesto Garc\u00eda\nSernas y Federico Cruz Morales, entre otros.<\/p>\n","protected":false},"excerpt":{"rendered":"<p>Redacci\u00f3n\/Zona Roja. Oaxaca de Ju\u00e1rez, Oax., Integrantes del Colectivo Oaxaque\u00f1os Unidos Exigiendo Justicia denunciaron que&hellip;<\/p>\n","protected":false},"author":2,"featured_media":2620,"comment_status":"closed","ping_status":"open","sticky":false,"template":"","format":"standard","meta":{"_lmt_disableupdate":"","_lmt_disable":"","_jetpack_memberships_contains_paid_content":false,"footnotes":""},"categories":[109,47],"tags":[120,494],"class_list":["post-3239","post","type-post","status-publish","format-standard","has-post-thumbnail","hentry","category-minuto-a-minuto","category-zona-gris","tag-desaparecidos","tag-fiscalia-general-del-estado-de-oaxaca"],"jetpack_featured_media_url":"https:\/\/zonaroja.com.mx\/wp-content\/uploads\/2019\/07\/4d6f6bf1-2790-445e-87c6-a8f500eebcb5.jpg","jetpack_sharing_enabled":true,"_links":{"self":[{"href":"https:\/\/zonaroja.com.mx\/index.php?rest_route=\/wp\/v2\/posts\/3239","targetHints":{"allow":["GET"]}}],"collection":[{"href":"https:\/\/zonaroja.com.mx\/index.php?rest_route=\/wp\/v2\/posts"}],"about":[{"href":"https:\/\/zonaroja.com.mx\/index.php?rest_route=\/wp\/v2\/types\/post"}],"author":[{"embeddable":true,"href":"https:\/\/zonaroja.com.mx\/index.php?rest_route=\/wp\/v2\/users\/2"}],"replies":[{"embeddable":true,"href":"https:\/\/zonaroja.com.mx\/index.php?rest_route=%2Fwp%2Fv2%2Fcomments&post=3239"}],"version-history":[{"count":1,"href":"https:\/\/zonaroja.com.mx\/index.php?rest_route=\/wp\/v2\/posts\/3239\/revisions"}],"predecessor-version":[{"id":3240,"href":"https:\/\/zonaroja.com.mx\/index.php?rest_route=\/wp\/v2\/posts\/3239\/revisions\/3240"}],"wp:featuredmedia":[{"embeddable":true,"href":"https:\/\/zonaroja.com.mx\/index.php?rest_route=\/wp\/v2\/media\/2620"}],"wp:attachment":[{"href":"https:\/\/zonaroja.com.mx\/index.php?rest_route=%2Fwp%2Fv2%2Fmedia&parent=3239"}],"wp:term":[{"taxonomy":"category","embeddable":true,"href":"https:\/\/zonaroja.com.mx\/index.php?rest_route=%2Fwp%2Fv2%2Fcategories&post=3239"},{"taxonomy":"post_tag","embeddable":true,"href":"https:\/\/zonaroja.com.mx\/index.php?rest_route=%2Fwp%2Fv2%2Ftags&post=3239"}],"curies":[{"name":"wp","href":"https:\/\/api.w.org\/{rel}","templated":true}]}}