{"id":32394,"date":"2021-09-24T08:07:00","date_gmt":"2021-09-24T13:07:00","guid":{"rendered":"http:\/\/www.zonaroja.com.mx\/?p=32394"},"modified":"2021-09-24T08:07:03","modified_gmt":"2021-09-24T13:07:03","slug":"invita-poder-judicial-del-estado-al-segundo-foro-vision-humana-de-la-justicia","status":"publish","type":"post","link":"https:\/\/zonaroja.com.mx\/?p=32394","title":{"rendered":"Invita Poder Judicial del Estado al segundo foro Visi\u00f3n Humana de la Justicia"},"content":{"rendered":"\n<p>Redacci\u00f3n\/Zona Roja.<\/p>\n\n\n\n<p>Oaxaca de Ju\u00e1rez, Oax., 24 de septiembre de 2021.- El Poder Judicial del Estado de Oaxaca realizar\u00e1 el pr\u00f3ximo lunes 27 de septiembre el segundo foro virtual \u201cVisi\u00f3n Humana de la Justicia\u201d, con el tema Derechos de Familia, en el cual participar\u00e1n especialistas reconocidos a nivel nacional.<\/p>\n\n\n\n<p>Se transmitir\u00e1 en un horario de 10:00 a 11:00 horas a trav\u00e9s de las redes sociales, en Facebook: Tribunal Superior de Justicia de Oaxaca y Twitter @tsjoaxaca, por lo que se invita a la sociedad en general a seguir esta actividad y sumarse con sus comentarios.<\/p>\n\n\n\n<p>En su labor de orientar a la ciudadan\u00eda, el Poder Judicial del Estado organiza estos foros a trav\u00e9s del Centro de Justicia Alternativa, la Direcci\u00f3n de Derechos Humanos del Consejo de la Judicatura y la Coordinaci\u00f3n de Comunicaci\u00f3n Social del Tribunal Superior de Justicia.<\/p>\n\n\n\n<p>En esta ocasi\u00f3n intervendr\u00e1n como ponentes el magistrado Sergio Arturo Valls Esponda, director general del Centro Estatal de Mediaci\u00f3n, Conciliaci\u00f3n y Justicia Restaurativa del Estado de M\u00e9xico y la maestra Luc\u00eda Rodr\u00edguez Quintero, facilitadora de la Coordinaci\u00f3n del Programa sobre Asuntos de la Ni\u00f1ez y la Familia de la Comisi\u00f3n Nacional de Derechos Humanos (CNDH). Como moderador estar\u00e1 el periodista Marcelino Silva.<\/p>\n\n\n\n<p>El magistrado Sergio Arturo Valls Esponda, ha dictado cursos y conferencias en diversos centros educativos, asociaciones de profesionistas e instituciones de justicia; es catedr\u00e1tico en la Facultad de Derecho de la Universidad Aut\u00f3noma del Estado de M\u00e9xico y del Colegio de Estudios Jur\u00eddicos de M\u00e9xico, escritor en diversos medios impresos en donde ha publicado m\u00e1s de 100 art\u00edculos y ensayos; adem\u00e1s fue autor y coordinador de la obra Tiempos de Justicia. Voces Responsables, editado por la Suprema Corte de Justicia de la Naci\u00f3n (SCJN).<\/p>\n\n\n\n<p>La maestra Luc\u00eda Rodr\u00edguez Quintero se ha desarrollado principalmente en el \u00e1mbito educativo como catedr\u00e1tica de posgrado en la especialidad de G\u00e9nero y Derecho, impartici\u00f3n de diplomados en G\u00e9nero y Pol\u00edtica P\u00fablica, Violencia familiar y Derechos Humanos, adem\u00e1s de ser coautora de seis libros. En su trayectoria profesional ha ocupado diferentes cargos al interior de la CNDH.<\/p>\n","protected":false},"excerpt":{"rendered":"<p>Redacci\u00f3n\/Zona Roja. Oaxaca de Ju\u00e1rez, Oax., 24 de septiembre de 2021.- El Poder Judicial del&hellip;<\/p>\n","protected":false},"author":2,"featured_media":32386,"comment_status":"closed","ping_status":"open","sticky":false,"template":"","format":"standard","meta":{"_lmt_disableupdate":"","_lmt_disable":"","_jetpack_memberships_contains_paid_content":false,"footnotes":""},"categories":[109,46],"tags":[223],"class_list":["post-32394","post","type-post","status-publish","format-standard","has-post-thumbnail","hentry","category-minuto-a-minuto","category-zona-blanca","tag-poder-judicial-de-oaxaca"],"jetpack_featured_media_url":"https:\/\/zonaroja.com.mx\/wp-content\/uploads\/2021\/09\/Especialistas-abordaran-el-tema-Derechos-de-familia.jpg","jetpack_sharing_enabled":true,"_links":{"self":[{"href":"https:\/\/zonaroja.com.mx\/index.php?rest_route=\/wp\/v2\/posts\/32394","targetHints":{"allow":["GET"]}}],"collection":[{"href":"https:\/\/zonaroja.com.mx\/index.php?rest_route=\/wp\/v2\/posts"}],"about":[{"href":"https:\/\/zonaroja.com.mx\/index.php?rest_route=\/wp\/v2\/types\/post"}],"author":[{"embeddable":true,"href":"https:\/\/zonaroja.com.mx\/index.php?rest_route=\/wp\/v2\/users\/2"}],"replies":[{"embeddable":true,"href":"https:\/\/zonaroja.com.mx\/index.php?rest_route=%2Fwp%2Fv2%2Fcomments&post=32394"}],"version-history":[{"count":1,"href":"https:\/\/zonaroja.com.mx\/index.php?rest_route=\/wp\/v2\/posts\/32394\/revisions"}],"predecessor-version":[{"id":32395,"href":"https:\/\/zonaroja.com.mx\/index.php?rest_route=\/wp\/v2\/posts\/32394\/revisions\/32395"}],"wp:featuredmedia":[{"embeddable":true,"href":"https:\/\/zonaroja.com.mx\/index.php?rest_route=\/wp\/v2\/media\/32386"}],"wp:attachment":[{"href":"https:\/\/zonaroja.com.mx\/index.php?rest_route=%2Fwp%2Fv2%2Fmedia&parent=32394"}],"wp:term":[{"taxonomy":"category","embeddable":true,"href":"https:\/\/zonaroja.com.mx\/index.php?rest_route=%2Fwp%2Fv2%2Fcategories&post=32394"},{"taxonomy":"post_tag","embeddable":true,"href":"https:\/\/zonaroja.com.mx\/index.php?rest_route=%2Fwp%2Fv2%2Ftags&post=32394"}],"curies":[{"name":"wp","href":"https:\/\/api.w.org\/{rel}","templated":true}]}}