{"id":32396,"date":"2021-09-24T08:10:46","date_gmt":"2021-09-24T13:10:46","guid":{"rendered":"http:\/\/www.zonaroja.com.mx\/?p=32396"},"modified":"2021-09-24T08:10:52","modified_gmt":"2021-09-24T13:10:52","slug":"califican-a-oaxaca-como-referente-nacional-en-materia-de-movilidad","status":"publish","type":"post","link":"https:\/\/zonaroja.com.mx\/?p=32396","title":{"rendered":"Califican a Oaxaca como referente nacional en materia de movilidad"},"content":{"rendered":"\n<p>Redacci\u00f3n\/Zona Roja.<\/p>\n\n\n\n<p>Oaxaca de Ju\u00e1rez, Oax., 23 de septiembre de 2021.- De acuerdo con la Secretar\u00eda de Desarrollo Agrario, Territorial y Urbano del Gobierno de M\u00e9xico (Sedatu), Oaxaca se posiciona como referente a nivel nacional de movilidad incluyente, sustentable y segura con la implementaci\u00f3n del proyecto \u201cBiciruta\u201d, seg\u00fan el documento emitido por \u201cVerde te quiero verde\u201d Buenas Pr\u00e1cticas de Movilidad Urbana.<\/p>\n\n\n\n<p>El secretario de Movilidad, Arturo L\u00f3pez Sorroza indic\u00f3 que esta \u201cBiciruta\u201d surgi\u00f3 por participar en el llamado para el asesoramiento t\u00e9cnico convocado en julio de 2020 por GIZ (Sociedad Alemana de Cooperaci\u00f3n) y Sedatu y del cual se obtuvieron grandes logros y colaboraciones para poner en marcha el proyecto.<\/p>\n\n\n\n<p>El funcionario indic\u00f3 que este proyecto consiste en 15.17 kil\u00f3metros de infraestructura ciclista que conectar\u00e1n el norte de la ciudad de Oaxaca con el municipio de Santa Luc\u00eda del Camino; 13.41 kil\u00f3metros ser\u00e1n infraestructura nueva y 1.76 consistir\u00e1n en la rehabilitaci\u00f3n de infraestructura existente.<\/p>\n\n\n\n<p>Asimismo, se realiza en colaboraci\u00f3n con organizaciones de la sociedad civil vinculadas al tema de movilidad como \u201cInsolente\u201d, \u201cOaxaca por la Movilidad\u201d, \u201cVixi Escuela\u201d y la Casa de la Ciudad.<\/p>\n\n\n\n<p>Adem\u00e1s, se anunci\u00f3 este posicionamiento en el marco del \u201cD\u00eda Mundial sin Auto\u201d fecha que se celebra a nivel global el 22 de septiembre y que fue creada como una iniciativa que busca fomentar el uso de alternativas diferentes al autom\u00f3vil para movilizarse dentro de las ciudades y tiene como objetivo concientizar sobre el da\u00f1o al medio ambiente que genera su uso excesivo.<\/p>\n\n\n\n<p>Durante esta jornada se hizo un llamado a las y los ciudadanos a que por este d\u00eda dejen su autom\u00f3vil y utilicen otros medios de transporte como la bicicleta.<\/p>\n\n\n\n<p>El funcionario hizo un llamado a las y los oaxaque\u00f1os para movilizarse en medios de transporte sustentables como la bicicleta, ya que tiene grandes beneficios en el cuidado del medio ambiente y la salud. Asimismo, exhort\u00f3 a las y los automovilistas a respetar las personas usuarias de la bicicleta de acuerdo a la pir\u00e1mide de movilidad.<\/p>\n\n\n\n<figure class=\"wp-block-image size-large\"><img decoding=\"async\" width=\"1000\" height=\"666\" src=\"http:\/\/www.zonaroja.com.mx\/wp-content\/uploads\/2021\/09\/semovi-3.jpg\" alt=\"\" class=\"wp-image-32388\" srcset=\"https:\/\/zonaroja.com.mx\/wp-content\/uploads\/2021\/09\/semovi-3.jpg 1000w, https:\/\/zonaroja.com.mx\/wp-content\/uploads\/2021\/09\/semovi-3-300x200.jpg 300w, https:\/\/zonaroja.com.mx\/wp-content\/uploads\/2021\/09\/semovi-3-768x511.jpg 768w, https:\/\/zonaroja.com.mx\/wp-content\/uploads\/2021\/09\/semovi-3-585x390.jpg 585w, https:\/\/zonaroja.com.mx\/wp-content\/uploads\/2021\/09\/semovi-3-263x175.jpg 263w\" sizes=\"(max-width: 1000px) 100vw, 1000px\" \/><\/figure>\n\n\n\n<p>LLEVAN SERVICIOS<\/p>\n\n\n\n<p>Por otra parte, acatando la instrucci\u00f3n de ser un gobierno cercano a la ciudadan\u00eda, a trav\u00e9s de \u201cSemovi en tu localidad\u201d, la dependencia facilit\u00f3 la ejecuci\u00f3n de tr\u00e1mites a las y los habitantes y concesionarios de San Pedro Pochutla.<\/p>\n\n\n\n<p>El titular de la dependencia, Arturo L\u00f3pez Sorroza, destac\u00f3 que es prioridad de esta Secretar\u00eda mejorar la atenci\u00f3n que recibe la ciudadan\u00eda, esto con base a la pol\u00edtica de gobierno abierto y cercano a su gente.<\/p>\n\n\n\n<p>Como parte de estos trabajos la Direcci\u00f3n de Concesiones de la Semovi atendi\u00f3 a 150 concesionarios del transporte p\u00fablico, facilitando informaci\u00f3n y concluyendo tramites como, designaciones de beneficiarios, transferencia por fallecimiento, altas y cambios vehiculares.<\/p>\n\n\n\n<p>En este marco, la Direcci\u00f3n de Licencias y Emplacamiento Vehicular implement\u00f3 el programa Movilidad Responsable, a trav\u00e9s del cual se tramitaron 26 licencias de manejo y 15 tr\u00e1mites de emplacamiento, de esta forma la ciudadan\u00eda cuenta con su documentaci\u00f3n en orden.<\/p>\n\n\n\n<p>Finalmente, por indicaci\u00f3n del secretario Arturo L\u00f3pez Sorroza se atendieron a 10 concesionarios que contaban con tr\u00e1mites jur\u00eddicos activos, de estos un tr\u00e1mite se encuentra en proceso de revocaci\u00f3n, por el manejo de su concesi\u00f3n.<\/p>\n","protected":false},"excerpt":{"rendered":"<p>Redacci\u00f3n\/Zona Roja. Oaxaca de Ju\u00e1rez, Oax., 23 de septiembre de 2021.- De acuerdo con la&hellip;<\/p>\n","protected":false},"author":2,"featured_media":32389,"comment_status":"closed","ping_status":"open","sticky":false,"template":"","format":"standard","meta":{"_lmt_disableupdate":"","_lmt_disable":"","_jetpack_memberships_contains_paid_content":false,"footnotes":""},"categories":[109,46],"tags":[2484],"class_list":["post-32396","post","type-post","status-publish","format-standard","has-post-thumbnail","hentry","category-minuto-a-minuto","category-zona-blanca","tag-secretaria-de-movilidad-semovi"],"jetpack_featured_media_url":"https:\/\/zonaroja.com.mx\/wp-content\/uploads\/2021\/09\/Semovi-ciclovia.jpg","jetpack_sharing_enabled":true,"_links":{"self":[{"href":"https:\/\/zonaroja.com.mx\/index.php?rest_route=\/wp\/v2\/posts\/32396","targetHints":{"allow":["GET"]}}],"collection":[{"href":"https:\/\/zonaroja.com.mx\/index.php?rest_route=\/wp\/v2\/posts"}],"about":[{"href":"https:\/\/zonaroja.com.mx\/index.php?rest_route=\/wp\/v2\/types\/post"}],"author":[{"embeddable":true,"href":"https:\/\/zonaroja.com.mx\/index.php?rest_route=\/wp\/v2\/users\/2"}],"replies":[{"embeddable":true,"href":"https:\/\/zonaroja.com.mx\/index.php?rest_route=%2Fwp%2Fv2%2Fcomments&post=32396"}],"version-history":[{"count":1,"href":"https:\/\/zonaroja.com.mx\/index.php?rest_route=\/wp\/v2\/posts\/32396\/revisions"}],"predecessor-version":[{"id":32397,"href":"https:\/\/zonaroja.com.mx\/index.php?rest_route=\/wp\/v2\/posts\/32396\/revisions\/32397"}],"wp:featuredmedia":[{"embeddable":true,"href":"https:\/\/zonaroja.com.mx\/index.php?rest_route=\/wp\/v2\/media\/32389"}],"wp:attachment":[{"href":"https:\/\/zonaroja.com.mx\/index.php?rest_route=%2Fwp%2Fv2%2Fmedia&parent=32396"}],"wp:term":[{"taxonomy":"category","embeddable":true,"href":"https:\/\/zonaroja.com.mx\/index.php?rest_route=%2Fwp%2Fv2%2Fcategories&post=32396"},{"taxonomy":"post_tag","embeddable":true,"href":"https:\/\/zonaroja.com.mx\/index.php?rest_route=%2Fwp%2Fv2%2Ftags&post=32396"}],"curies":[{"name":"wp","href":"https:\/\/api.w.org\/{rel}","templated":true}]}}