{"id":32398,"date":"2021-09-24T08:26:30","date_gmt":"2021-09-24T13:26:30","guid":{"rendered":"http:\/\/www.zonaroja.com.mx\/?p=32398"},"modified":"2021-09-24T08:26:33","modified_gmt":"2021-09-24T13:26:33","slug":"fortalecen-la-uabjo-y-el-iaip-acciones-de-transparencia","status":"publish","type":"post","link":"https:\/\/zonaroja.com.mx\/?p=32398","title":{"rendered":"Fortalecen la UABJO y el IAIP acciones de transparencia"},"content":{"rendered":"\n<p>Redacci\u00f3n\/Zona Roja.<\/p>\n\n\n\n<p>Oaxaca de Ju\u00e1rez, Oax., 24 de septiembre de 2021.- Como parte de los trabajos conjuntos entre la Universidad Aut\u00f3noma \u201cBenito Ju\u00e1rez\u201d de Oaxaca (UABJO) y el Instituto de Acceso a la Informaci\u00f3n P\u00fablica y Protecci\u00f3n de Datos Personales del Estado de Oaxaca (IAIP), los d\u00edas 22, 23 y 24 de septiembre, se celebr\u00f3 la Jornada de Socializaci\u00f3n de los Derechos de Acceso a la Informaci\u00f3n y de Protecci\u00f3n de Datos Personales, dirigido a las unidades acad\u00e9micas, administrativas y a la comunidad estudiantil de esta m\u00e1xima casa de estudios.<\/p>\n\n\n\n<p>El acto inaugural celebrado en el Auditorio del Centro de Educaci\u00f3n Continua, Abierta y a Distancia de la UABJO (CECAD), cont\u00f3 con la presencia del rector Eduardo Bautista Mart\u00ednez; el director del CECAD, Edwin Nazaret Le\u00f3n Jim\u00e9nez y la encargada de la Unidad de Transparencia Dalia Nicol\u00e1s Jim\u00e9nez.<\/p>\n\n\n\n<p>Por parte del IAIP, se cont\u00f3 con la presencia de la comisionada presidenta, Mar\u00eda Antonieta Vel\u00e1zquez Chagoya; del comisionado, Fernando G\u00f3mez Cuevas; y del director de Gobierno Abierto, Eugenio Ch\u00e1vez Bedolla.<\/p>\n\n\n\n<p>En su intervenci\u00f3n, la comisionada presidenta del IAIP, Mar\u00eda Antonieta Vel\u00e1zquez Chagoya destac\u00f3 la importancia de la Jornada de Socializaci\u00f3n de los Derechos de Acceso a la Informaci\u00f3n y de Protecci\u00f3n de Datos Personales, que la Unidad de Transparencia de la UABJO y el CECAD realizaron para fomentar el ejercicio de estos derechos humanos y las obligaciones de Transparencia.<\/p>\n\n\n\n<p>Vel\u00e1zquez Chagoya reconoci\u00f3 a la m\u00e1xima casa de estudios por el cumplimiento de obligaciones de transparencia en estos dos \u00faltimos a\u00f1os e invit\u00f3 a las y los ciudadanos a ejercer el Derecho de Acceso a la Informaci\u00f3n, ya que \u00e9ste se puede realizar de una forma gratuita y an\u00f3nima.<\/p>\n\n\n\n<p>En su mensaje, el comisionado del IAIP, Fernando Rodolfo G\u00f3mez Cuevas extern\u00f3 su benepl\u00e1cito por el inicio de esta Jornada, y afirm\u00f3 que: \u201clos Derechos de Acceso a la Informaci\u00f3n y de Protecci\u00f3n de Datos Personales son, hoy por hoy, herramientas indispensables en el trabajo continuo de nuestros centros de educaci\u00f3n e investigaci\u00f3n\u201d.<\/p>\n\n\n\n<p>G\u00f3mez Cuevas fue puntual al afirmar que esto generar\u00e1 oportunidades para educar en el ejercicio y aprovechamiento de los derechos de Acceso a la Informaci\u00f3n y de Protecci\u00f3n de Datos Personales, y sostuvo que para reconocer su importancia y trascendencia es importante recapitular el camino que ha dejado el ejercicio de estos derechos.<\/p>\n\n\n\n<p>Por su parte y en ocasi\u00f3n de declarar inaugurada la Jornada, el rector de la UABJO, Eduardo Bautista Mart\u00ednez se\u00f1al\u00f3 la importancia de eventos como este para la comunidad universitaria, ya que en la m\u00e1xima casa de estudios de las y los oaxaque\u00f1os, est\u00e1n convencidos de que el Acceso a la Informaci\u00f3n, la Transparencia y la Rendici\u00f3n de cuentas son valores fundamentales para la educaci\u00f3n integral de las y los profesionales que se forman en sus aulas.<\/p>\n\n\n\n<p>En este sentido, enfatiz\u00f3 \u201cPara hacer democracia necesitamos conocer, acceder a la informaci\u00f3n, necesitamos datos objetivos de lo que est\u00e1 ocurriendo, no quedarnos en las meras especulaciones (\u2026) aprender a revisar la informaci\u00f3n con una perspectiva de mayor calidad y precisi\u00f3n\u201d.<\/p>\n\n\n\n<p>Finalmente, Bautista Mart\u00ednez se dijo congratulado por inaugurar la Jornada de Socializaci\u00f3n de los Derechos de Acceso a la Informaci\u00f3n y de Protecci\u00f3n de Datos Personales y plante\u00f3 que estos derechos son primordiales para hacer ciudadanas y ciudadanos cr\u00edticos con el conocimiento preciso de la realidad.<\/p>\n\n\n\n<p>Los talleres que se impartir\u00e1n en el marco de esta jornada son: \u201cTransparencia y Acceso a la Informaci\u00f3n\u201d impartido por el Supervisor de Evaluaci\u00f3n, Archivos y Datos Personales, Daniel Nicol\u00e1s V\u00e1squez; \u201cProtegiendo mis Datos Personales\u201d que impartir\u00e1 Fernando Ariel L\u00f3pez Garc\u00eda, jefe del Departamento de Datos Personales y Archivo y \u201cAprovechamiento del DAI y el DPDP: innovaci\u00f3n p\u00fablica y cocreaci\u00f3n\u201d impartido por Eugenio Ch\u00e1vez Bedolla, director de Gobierno Abierto del IAIP.<\/p>\n","protected":false},"excerpt":{"rendered":"<p>Redacci\u00f3n\/Zona Roja. Oaxaca de Ju\u00e1rez, Oax., 24 de septiembre de 2021.- Como parte de los&hellip;<\/p>\n","protected":false},"author":2,"featured_media":32390,"comment_status":"closed","ping_status":"open","sticky":false,"template":"","format":"standard","meta":{"_lmt_disableupdate":"","_lmt_disable":"","_jetpack_memberships_contains_paid_content":false,"footnotes":""},"categories":[109,46],"tags":[360],"class_list":["post-32398","post","type-post","status-publish","format-standard","has-post-thumbnail","hentry","category-minuto-a-minuto","category-zona-blanca","tag-rector-eduardo-bautista-martinez"],"jetpack_featured_media_url":"https:\/\/zonaroja.com.mx\/wp-content\/uploads\/2021\/09\/UABJO-Iaip.jpeg","jetpack_sharing_enabled":true,"_links":{"self":[{"href":"https:\/\/zonaroja.com.mx\/index.php?rest_route=\/wp\/v2\/posts\/32398","targetHints":{"allow":["GET"]}}],"collection":[{"href":"https:\/\/zonaroja.com.mx\/index.php?rest_route=\/wp\/v2\/posts"}],"about":[{"href":"https:\/\/zonaroja.com.mx\/index.php?rest_route=\/wp\/v2\/types\/post"}],"author":[{"embeddable":true,"href":"https:\/\/zonaroja.com.mx\/index.php?rest_route=\/wp\/v2\/users\/2"}],"replies":[{"embeddable":true,"href":"https:\/\/zonaroja.com.mx\/index.php?rest_route=%2Fwp%2Fv2%2Fcomments&post=32398"}],"version-history":[{"count":1,"href":"https:\/\/zonaroja.com.mx\/index.php?rest_route=\/wp\/v2\/posts\/32398\/revisions"}],"predecessor-version":[{"id":32399,"href":"https:\/\/zonaroja.com.mx\/index.php?rest_route=\/wp\/v2\/posts\/32398\/revisions\/32399"}],"wp:featuredmedia":[{"embeddable":true,"href":"https:\/\/zonaroja.com.mx\/index.php?rest_route=\/wp\/v2\/media\/32390"}],"wp:attachment":[{"href":"https:\/\/zonaroja.com.mx\/index.php?rest_route=%2Fwp%2Fv2%2Fmedia&parent=32398"}],"wp:term":[{"taxonomy":"category","embeddable":true,"href":"https:\/\/zonaroja.com.mx\/index.php?rest_route=%2Fwp%2Fv2%2Fcategories&post=32398"},{"taxonomy":"post_tag","embeddable":true,"href":"https:\/\/zonaroja.com.mx\/index.php?rest_route=%2Fwp%2Fv2%2Ftags&post=32398"}],"curies":[{"name":"wp","href":"https:\/\/api.w.org\/{rel}","templated":true}]}}