{"id":32400,"date":"2021-09-24T08:28:09","date_gmt":"2021-09-24T13:28:09","guid":{"rendered":"http:\/\/www.zonaroja.com.mx\/?p=32400"},"modified":"2021-09-24T08:28:14","modified_gmt":"2021-09-24T13:28:14","slug":"hasta-el-mult-ha-sido-beneficiado-con-plazas-laborales-en-sector-salud","status":"publish","type":"post","link":"https:\/\/zonaroja.com.mx\/?p=32400","title":{"rendered":"Hasta el MULT ha sido beneficiado con plazas laborales en sector Salud"},"content":{"rendered":"\n<p>Redacci\u00f3n\/Informativo 570.<\/p>\n\n\n\n<p>Oaxaca de Ju\u00e1rez, Oax., 24 de septiembre de 2021- El Movimiento de Unificaci\u00f3n y Lucha Triqui (MULT) tambi\u00e9n ha sido favorecido dentro de las n\u00f3minas de los Servicios de Salud de Oaxaca (SSO), seg\u00fan fuentes al interior de la dependencia.<\/p>\n\n\n\n<p>El MULT organizaci\u00f3n que ha liderado movilizaciones en la entidad bajo la exigencia de recursos p\u00fablicos para atender demandas sociales para las comunidades m\u00e1s pobres de Oaxaca, ha mantenido una n\u00f3mina de al menos mil plazas con c\u00f3digos administrativos y hasta de m\u00e9dicos generales.<\/p>\n\n\n\n<p>Todo ha salido al descubierto en los \u00faltimos d\u00edas tras la crisis de salud y luego del despido masivo de trabajadores eventuales, bajo la excusa del gobierno de Alejandro Murat Hinojosa de no contar con presupuesto para solventar dichos sueldos.<\/p>\n\n\n\n<p>Sin embargo, organizaciones sociales han gozado de estos beneficios y bajo compromisos pol\u00edticos, han sido considerados para continuar en la n\u00f3mina, a trav\u00e9s de una lista de mil 215 trabajadores que ser\u00edan contratados por el Instituto de Salud para el Bienestar (Insabi), cuya base de datos fue compartida este mi\u00e9rcoles a los funcionarios durante la mesa de trabajo.<\/p>\n\n\n\n<p>Lista que fue entregada en completa opacidad sin que delegados ni los mismos trabajadores eventuales afectados, tuvieran conocimiento ni acceso.<\/p>\n\n\n\n<p>Mientras que los verdaderos trabajadores eventuales que hoy fueron echados por Juan Carlos M\u00e1rquez Heine, contin\u00faan en el desempleo dejando vac\u00edas las unidades m\u00e9dicas de las comunidades de Oaxaca que no cuentan con m\u00e9dicos para atender a la poblaci\u00f3n oaxaque\u00f1a.<\/p>\n","protected":false},"excerpt":{"rendered":"<p>Redacci\u00f3n\/Informativo 570. Oaxaca de Ju\u00e1rez, Oax., 24 de septiembre de 2021- El Movimiento de Unificaci\u00f3n&hellip;<\/p>\n","protected":false},"author":2,"featured_media":29765,"comment_status":"closed","ping_status":"open","sticky":false,"template":"","format":"standard","meta":{"_lmt_disableupdate":"","_lmt_disable":"","_jetpack_memberships_contains_paid_content":false,"footnotes":""},"categories":[109,47],"tags":[867,1005],"class_list":["post-32400","post","type-post","status-publish","format-standard","has-post-thumbnail","hentry","category-minuto-a-minuto","category-zona-gris","tag-movimiento-unificador-de-lucha-triqui-mult","tag-servicios-de-salud-de-oaxaca-sso"],"jetpack_featured_media_url":"https:\/\/zonaroja.com.mx\/wp-content\/uploads\/2021\/07\/Movimiento-de-Unificacion-y-Lucha-Triqui-MULT.jpg","jetpack_sharing_enabled":true,"_links":{"self":[{"href":"https:\/\/zonaroja.com.mx\/index.php?rest_route=\/wp\/v2\/posts\/32400","targetHints":{"allow":["GET"]}}],"collection":[{"href":"https:\/\/zonaroja.com.mx\/index.php?rest_route=\/wp\/v2\/posts"}],"about":[{"href":"https:\/\/zonaroja.com.mx\/index.php?rest_route=\/wp\/v2\/types\/post"}],"author":[{"embeddable":true,"href":"https:\/\/zonaroja.com.mx\/index.php?rest_route=\/wp\/v2\/users\/2"}],"replies":[{"embeddable":true,"href":"https:\/\/zonaroja.com.mx\/index.php?rest_route=%2Fwp%2Fv2%2Fcomments&post=32400"}],"version-history":[{"count":1,"href":"https:\/\/zonaroja.com.mx\/index.php?rest_route=\/wp\/v2\/posts\/32400\/revisions"}],"predecessor-version":[{"id":32401,"href":"https:\/\/zonaroja.com.mx\/index.php?rest_route=\/wp\/v2\/posts\/32400\/revisions\/32401"}],"wp:featuredmedia":[{"embeddable":true,"href":"https:\/\/zonaroja.com.mx\/index.php?rest_route=\/wp\/v2\/media\/29765"}],"wp:attachment":[{"href":"https:\/\/zonaroja.com.mx\/index.php?rest_route=%2Fwp%2Fv2%2Fmedia&parent=32400"}],"wp:term":[{"taxonomy":"category","embeddable":true,"href":"https:\/\/zonaroja.com.mx\/index.php?rest_route=%2Fwp%2Fv2%2Fcategories&post=32400"},{"taxonomy":"post_tag","embeddable":true,"href":"https:\/\/zonaroja.com.mx\/index.php?rest_route=%2Fwp%2Fv2%2Ftags&post=32400"}],"curies":[{"name":"wp","href":"https:\/\/api.w.org\/{rel}","templated":true}]}}