{"id":32402,"date":"2021-09-24T15:13:05","date_gmt":"2021-09-24T20:13:05","guid":{"rendered":"http:\/\/www.zonaroja.com.mx\/?p=32402"},"modified":"2021-09-24T15:13:08","modified_gmt":"2021-09-24T20:13:08","slug":"victimas-de-nochixtlan-denuncian-pacto-de-proteccion-de-4t-para-pena-nieta","status":"publish","type":"post","link":"https:\/\/zonaroja.com.mx\/?p=32402","title":{"rendered":"V\u00edctimas de Nochixtl\u00e1n denuncian pacto de protecci\u00f3n de 4T para Pe\u00f1a Nieta&nbsp;"},"content":{"rendered":"\n<p>Evlin Arag\u00f3n\/Zona Roja.<\/p>\n\n\n\n<p>Oaxaca de Ju\u00e1rez, Oax., 24 de septiembre de 2021.- Integrantes del Comit\u00e9 de V\u00edctimas por Justicia y Verdad \u201c19 de junio\u201d acusaron a la Fiscal\u00eda General de la Rep\u00fablica (FGR) y al Poder Judicial de la Federaci\u00f3n de negarse a citar a declarar al expresidente de la Rep\u00fablica, Enrique Pe\u00f1a Nieto por los hechos registrados el 19 de junio en Asunci\u00f3n Nochixtl\u00e1n, lo que confirmar\u00eda un pacto de protecci\u00f3n e impunidad.&nbsp;<\/p>\n\n\n\n<p>Durante una movilizaci\u00f3n este viernes, indicaron que este 23 de septiembre el juez de control del Centro de Justicia Penal Federal en Oaxaca determin\u00f3 que el exmandatario no deb\u00eda comparecer y con ello confirm\u00f3 la negativa que la propia Fiscal\u00eda hab\u00eda encabezado, previamente.&nbsp;<\/p>\n\n\n\n<p>De lo anterior responsabilizaron a Germ\u00e1n Adolfo Castillo Banuet, titular de la Fiscal\u00eda Especializada de Control Regional, quien aseguran es operador del PRI, encargado de cubrir las espaldas de los exfuncionarios del gobierno pe\u00f1ista y obstaculizar las investigaciones en el caso Nochixtl\u00e1n.&nbsp;<\/p>\n\n\n\n<p>Y es que, de acuerdo con lo expuesto han sido m\u00faltiples los actos de obstaculizaci\u00f3n de la investigaci\u00f3n por parte de funcionarios de la FGR, mismos que se juntan al inminente pacto de impunidad entre el actual gobierno federal y el partido tricolor para no esclarecer los hechos y por ende no enjuiciar a los responsables materiales intelectuales.<\/p>\n\n\n\n<p>\u201cSeguiremos firmes en nuestra exigencia de justicia, aun y cuando tengamos que luchar contra todo el aparato gubernamental de la \u201ccuarta transformaci\u00f3n\u201d que se ha obstinado en cobijar a los asesinos del PRI y les han prometido impunidad\u201d, refirieron.&nbsp;<\/p>\n\n\n\n<p>En este mismo sentido, rechazaron la decisi\u00f3n y aseguraron que no permitir\u00e1n que los hechos del 19 de junio del 2016 queden impunes, como mucho otros casos de graves violaciones a derechos humano en el pa\u00eds, de ah\u00ed que advirtieron mantendr\u00e1n su exigencia de justicia&nbsp;&nbsp;<\/p>\n\n\n\n<p>\u201cLamentamos que los jueces privilegien los pactos pol\u00edticos por encima del derecho a la verdad y el acceso a la justicia que le asiste a las v\u00edctimas\u201d, sentenciaron.&nbsp;<\/p>\n\n\n\n<p>Finalmente, recordaron que desde el inicio del litigio han planteado como principal l\u00ednea de investigaci\u00f3n ante la FGR la referente a toda la cadena de mando policiaca y pol\u00edtica que intervino en la toma de decisiones sobre la preparaci\u00f3n y ejecuci\u00f3n del operativo desarrollado en Nochixtl\u00e1n.&nbsp;<\/p>\n\n\n\n<p>Prueba de ello es que ya han declarado personajes como Enrique Galindo Ceballos, excomisionado de la Polic\u00eda Federal; Renato Sales Heredia, excomisionado nacional de Seguridad; Gabino Cu\u00e9 Monteagudo, exgobernador de Oaxaca; y Miguel \u00c1ngel Osorio Chong, exsecretario de Gobernaci\u00f3n.&nbsp;<\/p>\n\n\n\n<p>De ah\u00ed que, luego de un litigio de m\u00e1s de dos a\u00f1os, esperaban la comparecencia de Enrique Pe\u00f1a Nieto negada apenas ayer por el juez de control del Centro de Justicia Penal Federal con sede en la entidad oaxaque\u00f1a.&nbsp;<\/p>\n","protected":false},"excerpt":{"rendered":"<p>Evlin Arag\u00f3n\/Zona Roja. Oaxaca de Ju\u00e1rez, Oax., 24 de septiembre de 2021.- Integrantes del Comit\u00e9&hellip;<\/p>\n","protected":false},"author":2,"featured_media":32403,"comment_status":"closed","ping_status":"open","sticky":false,"template":"","format":"standard","meta":{"_lmt_disableupdate":"","_lmt_disable":"","_jetpack_memberships_contains_paid_content":false,"footnotes":""},"categories":[109,47],"tags":[249],"class_list":["post-32402","post","type-post","status-publish","format-standard","has-post-thumbnail","hentry","category-minuto-a-minuto","category-zona-gris","tag-comite-de-victimas-nochixtlan"],"jetpack_featured_media_url":"https:\/\/zonaroja.com.mx\/wp-content\/uploads\/2021\/09\/Conferencia-FPR-victimas-Nochixtlan.jpg","jetpack_sharing_enabled":true,"_links":{"self":[{"href":"https:\/\/zonaroja.com.mx\/index.php?rest_route=\/wp\/v2\/posts\/32402","targetHints":{"allow":["GET"]}}],"collection":[{"href":"https:\/\/zonaroja.com.mx\/index.php?rest_route=\/wp\/v2\/posts"}],"about":[{"href":"https:\/\/zonaroja.com.mx\/index.php?rest_route=\/wp\/v2\/types\/post"}],"author":[{"embeddable":true,"href":"https:\/\/zonaroja.com.mx\/index.php?rest_route=\/wp\/v2\/users\/2"}],"replies":[{"embeddable":true,"href":"https:\/\/zonaroja.com.mx\/index.php?rest_route=%2Fwp%2Fv2%2Fcomments&post=32402"}],"version-history":[{"count":1,"href":"https:\/\/zonaroja.com.mx\/index.php?rest_route=\/wp\/v2\/posts\/32402\/revisions"}],"predecessor-version":[{"id":32404,"href":"https:\/\/zonaroja.com.mx\/index.php?rest_route=\/wp\/v2\/posts\/32402\/revisions\/32404"}],"wp:featuredmedia":[{"embeddable":true,"href":"https:\/\/zonaroja.com.mx\/index.php?rest_route=\/wp\/v2\/media\/32403"}],"wp:attachment":[{"href":"https:\/\/zonaroja.com.mx\/index.php?rest_route=%2Fwp%2Fv2%2Fmedia&parent=32402"}],"wp:term":[{"taxonomy":"category","embeddable":true,"href":"https:\/\/zonaroja.com.mx\/index.php?rest_route=%2Fwp%2Fv2%2Fcategories&post=32402"},{"taxonomy":"post_tag","embeddable":true,"href":"https:\/\/zonaroja.com.mx\/index.php?rest_route=%2Fwp%2Fv2%2Ftags&post=32402"}],"curies":[{"name":"wp","href":"https:\/\/api.w.org\/{rel}","templated":true}]}}