{"id":32405,"date":"2021-09-24T16:07:42","date_gmt":"2021-09-24T21:07:42","guid":{"rendered":"http:\/\/www.zonaroja.com.mx\/?p=32405"},"modified":"2021-09-24T16:07:45","modified_gmt":"2021-09-24T21:07:45","slug":"anuncian-jornada-de-acceso-y-defensa-del-derecho-a-decidir","status":"publish","type":"post","link":"https:\/\/zonaroja.com.mx\/?p=32405","title":{"rendered":"Anuncian jornada de acceso y defensa del derecho a decidir"},"content":{"rendered":"\n<p>Evlin Arag\u00f3n\/Zona Roja.<\/p>\n\n\n\n<p>Oaxaca de Ju\u00e1rez, Oax., 24 de septiembre de 2021.- Integrantes de diversas colectivas feministas e instituciones p\u00fablicas anunciaron la realizaci\u00f3n de la Jornada por el Acceso y Defensa del Derecho a Decidir que se llevar\u00e1 a cabo del 25 al 30 de septiembre, de manera virtual, con la intenci\u00f3n de ampliar la informaci\u00f3n en torno a la interrupci\u00f3n del embarazo, a dos a\u00f1os de la despenalizaci\u00f3n en Oaxaca.&nbsp;<\/p>\n\n\n\n<p>Lo anterior en el marco del D\u00eda por la Despenalizaci\u00f3n y Legalizaci\u00f3n del Aborto que se conmemora cada 28 de septiembre con el fin de legalizar la pr\u00e1ctica y evitar la muerte de cientos de mujeres a causa de los procedimientos que se realizan en la clandestinidad.&nbsp;<\/p>\n\n\n\n<p>De acuerdo con las organizadoras, la lucha por el derecho a decidir sobre sus cuerpos y el acceso a un aborto seguro es una de las demandas m\u00e1s antiguas en las agendas feministas, misma que en los \u00faltimos a\u00f1os se ha posicionado en la discusi\u00f3n a nivel nacional consiguiendo incluso logros hist\u00f3ricos en los \u00faltimos meses.&nbsp;<\/p>\n\n\n\n<p>Ello tras a\u00f1os de posicionarla como un asunto de justicia social, un problema de salud p\u00fablica y un derecho democr\u00e1tico por lo que millones de mujeres alrededor del mundo han decidido salir a las calles y organizar actividades para exigir que se garanticen sus libertades.&nbsp;<\/p>\n\n\n\n<p>\u201cReconocemos la urgencia y necesidad de continuar visibilizando y nombrando las aristas del tema, intercambiando experiencias de acompa\u00f1amiento y de incidencia pol\u00edtica, haciendo hincapi\u00e9 hasta que el Estado garantice este derecho humano a trav\u00e9s de sus instituciones obligadas\u201d, indicaron.&nbsp;<\/p>\n\n\n\n<p>De ah\u00ed que, a partir de este s\u00e1bado, llevar\u00e1n a cabo una serie de actividades que incluyen una exposici\u00f3n fotograf\u00eda, una pa\u00f1uelazo virtual, un c\u00edrculo de lectura y cuatro foros denominados: La despenalizaci\u00f3n del aborto, La desestigmatizaci\u00f3n del aborto, Retos y avances en torno a la despenalizaci\u00f3n del aborto y, Aborto y parter\u00eda.&nbsp;<\/p>\n\n\n\n<p>\u201cSeguiremos juntas y organizadas hasta que culturalmente, en cada rinc\u00f3n de nuestras 8 regiones derribemos uno a uno los estigmas sobre el aborto y ninguna mujer sea vulnerada por ejercer su derecho a decidir\u201d, manifestaron.&nbsp;<\/p>\n\n\n\n<p>Finalmente, dieron a conocer que todas las acciones son gratuitas y se llevar\u00e1n a cabo de manera virtual, v\u00eda zoom, por lo que han invitado a las personas interesadas a registrarse a trav\u00e9s del siguiente link <a href=\"https:\/\/forms.gle\/PLmWWisspJgsY6vB8\">https:\/\/forms.gle\/PLmWWisspJgsY6vB8<\/a> toda vez que otorgar\u00e1n constancia de participaci\u00f3n.&nbsp;<\/p>\n\n\n\n<p>Dentro de las organizaciones convocantes se encuentra la Red de Mujeres por el Desarrollo y Empoderamiento (Remude), la Red Internacional de Promotores ODS, las colectiva Nahua del Mar y Las nietas de Donaji e Ikikunari, la asociaci\u00f3n civil Visi\u00f3n Jur\u00eddica y la Direcci\u00f3n de Equidad y G\u00e9nero de la Universidad Aut\u00f3noma \u201cBenito Ju\u00e1rez\u201d de Oaxaca.&nbsp;<\/p>\n","protected":false},"excerpt":{"rendered":"<p>Evlin Arag\u00f3n\/Zona Roja. Oaxaca de Ju\u00e1rez, Oax., 24 de septiembre de 2021.- Integrantes de diversas&hellip;<\/p>\n","protected":false},"author":2,"featured_media":18162,"comment_status":"closed","ping_status":"open","sticky":false,"template":"","format":"standard","meta":{"_lmt_disableupdate":"","_lmt_disable":"","_jetpack_memberships_contains_paid_content":false,"footnotes":""},"categories":[109,47],"tags":[],"class_list":["post-32405","post","type-post","status-publish","format-standard","has-post-thumbnail","hentry","category-minuto-a-minuto","category-zona-gris"],"jetpack_featured_media_url":"https:\/\/zonaroja.com.mx\/wp-content\/uploads\/2020\/09\/Aborto-legal-y-seguro-1.jpg","jetpack_sharing_enabled":true,"_links":{"self":[{"href":"https:\/\/zonaroja.com.mx\/index.php?rest_route=\/wp\/v2\/posts\/32405","targetHints":{"allow":["GET"]}}],"collection":[{"href":"https:\/\/zonaroja.com.mx\/index.php?rest_route=\/wp\/v2\/posts"}],"about":[{"href":"https:\/\/zonaroja.com.mx\/index.php?rest_route=\/wp\/v2\/types\/post"}],"author":[{"embeddable":true,"href":"https:\/\/zonaroja.com.mx\/index.php?rest_route=\/wp\/v2\/users\/2"}],"replies":[{"embeddable":true,"href":"https:\/\/zonaroja.com.mx\/index.php?rest_route=%2Fwp%2Fv2%2Fcomments&post=32405"}],"version-history":[{"count":1,"href":"https:\/\/zonaroja.com.mx\/index.php?rest_route=\/wp\/v2\/posts\/32405\/revisions"}],"predecessor-version":[{"id":32406,"href":"https:\/\/zonaroja.com.mx\/index.php?rest_route=\/wp\/v2\/posts\/32405\/revisions\/32406"}],"wp:featuredmedia":[{"embeddable":true,"href":"https:\/\/zonaroja.com.mx\/index.php?rest_route=\/wp\/v2\/media\/18162"}],"wp:attachment":[{"href":"https:\/\/zonaroja.com.mx\/index.php?rest_route=%2Fwp%2Fv2%2Fmedia&parent=32405"}],"wp:term":[{"taxonomy":"category","embeddable":true,"href":"https:\/\/zonaroja.com.mx\/index.php?rest_route=%2Fwp%2Fv2%2Fcategories&post=32405"},{"taxonomy":"post_tag","embeddable":true,"href":"https:\/\/zonaroja.com.mx\/index.php?rest_route=%2Fwp%2Fv2%2Ftags&post=32405"}],"curies":[{"name":"wp","href":"https:\/\/api.w.org\/{rel}","templated":true}]}}