{"id":32407,"date":"2021-09-24T20:12:28","date_gmt":"2021-09-25T01:12:28","guid":{"rendered":"http:\/\/www.zonaroja.com.mx\/?p=32407"},"modified":"2021-09-24T20:12:31","modified_gmt":"2021-09-25T01:12:31","slug":"va-susana-por-la-gubernatura-de-oaxaca-esperara-los-tiempos-para-el-registro","status":"publish","type":"post","link":"https:\/\/zonaroja.com.mx\/?p=32407","title":{"rendered":"Va Susana por la gubernatura de Oaxaca; esperar\u00e1 los tiempos para el registro"},"content":{"rendered":"\n<p>Evlin Arag\u00f3n\/Zona Roja.<\/p>\n\n\n\n<p>Oaxaca de Ju\u00e1rez, Oax., 24 de septiembre de 2021.- La senadora por Morena por Oaxaca, Susana Harp Iturribarr\u00eda, reconoci\u00f3 que en cuanto los tiempos as\u00ed lo permitan, se anotar\u00e1 en la lista de aspirantes a la gubernatura, proceso que se encuentra actualmente en curso, tras la aprobaci\u00f3n de la autoridad electoral. &nbsp;<\/p>\n\n\n\n<p>\u201cEn el momento que se abra la oportunidad para anotarse, por supuesto que me voy a anotar para la gubernatura, ahora es momento de presentar el tercer informe, hay que ser respetuosos de los tiempos, pero aqu\u00ed estoy trabajando por mi tierra y me encantar\u00e1 seguirlo haciendo\u201d,<\/p>\n\n\n\n<p>As\u00ed lo afirm\u00f3 en entrevista colectiva desde la ciudad capital, respaldada por el presidente nacional del partido, Mario Delgado, y el coordinador de senadores Ricardo Monreal \u00c1vila.<\/p>\n\n\n\n<p>El anuncio lo hizo previo a rendir su tercer informe de actividades, donde asegur\u00f3 que es una mujer muy disciplinada, por lo que ser\u00e1 conforme a los tiempos electorales que har\u00e1 el anunci\u00f3 respectivo, mientras tanto continuar\u00e1 cumpliendo con su labor legislativa.\u00a0<\/p>\n\n\n\n<figure class=\"wp-block-embed-twitter wp-block-embed is-type-rich is-provider-twitter\"><div class=\"wp-block-embed__wrapper\">\n<div class=\"twitter-tweet\"><blockquote class=\"twitter-tweet\" data-lang=\"es\"><p lang=\"es\" dir=\"ltr\"><a href=\"https:\/\/twitter.com\/hashtag\/%C3%9AltimoMinuto?src=hash&amp;ref_src=twsrc%5Etfw\">#\u00daltimoMinuto<\/a><br>\u201cEn el momento que se abra la oportunidad para anotarse, por supuesto que me voy a anotar para la gubernatura\u201d, asegur\u00f3 hoy la senadora <a href=\"https:\/\/twitter.com\/SusanaHarp?ref_src=twsrc%5Etfw\">@SusanaHarp<\/a>, en conferencia de prensa en la capital de Oaxaca, previo a su informe legislativo. <a href=\"https:\/\/t.co\/mEVn96ghfK\">pic.twitter.com\/mEVn96ghfK<\/a><\/p>&mdash; Zona Roja Oaxaca (@Zona_Roja_Oax) <a href=\"https:\/\/twitter.com\/Zona_Roja_Oax\/status\/1441548287895425024?ref_src=twsrc%5Etfw\">24 de septiembre de 2021<\/a><\/blockquote><\/div>\n<\/div><\/figure>\n\n\n\n<p>En este sentido, aprovech\u00f3 para adherirse a los llamados de unidad que han pronunciado diversos actores pol\u00edticos al interior del partido, a sabiendas que Morena cuenta con amplias probabilidades de ganar en la elecci\u00f3n programada para el pr\u00f3ximo a\u00f1o.&nbsp;<\/p>\n\n\n\n<p>Mientras que, como parte de su informe destac\u00f3 la aprobaci\u00f3n de cuatro leyes que ya se encuentran vigentes en la actualidad como aquella que desde agosto del 2019 otorga el reconocimiento constitucional de los pueblos afromexicanos, asegurando que se trata de la senadora oaxaque\u00f1a con m\u00e1s leyes publicadas en el Diario Oficial de la Federaci\u00f3n.<\/p>\n\n\n\n<p>\u201cEstoy muy contenta porque soy la senadora por Oaxaca que tiene m\u00e1s leyes publicadas y eso me pone muy contenta\u201d, asegur\u00f3.&nbsp;<\/p>\n\n\n\n<p>El informe de la senadora se llev\u00f3 a cabo al interior de la Facultad de Bellas Artes de la Universidad Aut\u00f3noma \u201cBenito Ju\u00e1rez\u201d de Oaxaca y se transmiti\u00f3 a trav\u00e9s de Facebook, para no poner en riesgo a la poblaci\u00f3n debido a los todav\u00eda considerables efectos de la pandemia.&nbsp;<\/p>\n\n\n\n<p>Harp Iturribarr\u00eda estuvo acompa\u00f1ada del presidente de la Junta de Coordinaci\u00f3n Pol\u00edtica en el Senado, Ricardo Monreal, los senadores y senadoras Eduardo Ram\u00edrez Aguilar, Alejandro Armenta Mier, Mar\u00eda Celeste S\u00e1nchez Sugia, Nestora Salgado Garc\u00eda y Mar\u00eda Antonia C\u00e1rdenas Mariscal, as\u00ed como del dirigente nacional de Morena, Mario Delgado.\u00a0<\/p>\n\n\n\n<p>Este \u00faltimo sostuvo: \u00abEn el pasado proceso electoral ganaron cinco mujeres gobernadoras de Morena y en los \u00faltimos 40 a\u00f1os solamente hab\u00eda habido siete gobernadoras, y de las siete que va haber a partir del primero de noviembre, seis son de Morena; nosotros tenemos un compromiso con la paridad en el siguiente proceso electoral\u00bb, sostuvo el presidente del partido.<\/p>\n\n\n\n<figure class=\"wp-block-embed-twitter wp-block-embed is-type-rich is-provider-twitter\"><div class=\"wp-block-embed__wrapper\">\n<div class=\"twitter-tweet\"><blockquote class=\"twitter-tweet\" data-lang=\"es\"><p lang=\"es\" dir=\"ltr\">Las mujeres han dado excelentes resultados a <a href=\"https:\/\/twitter.com\/PartidoMorenaMx?ref_src=twsrc%5Etfw\">@PartidoMorenaMx<\/a> en los procesos electorales y gobiernos, dijo <a href=\"https:\/\/twitter.com\/mario_delgado?ref_src=twsrc%5Etfw\">@mario_delgado<\/a> en <a href=\"https:\/\/twitter.com\/hashtag\/Oaxaca?src=hash&amp;ref_src=twsrc%5Etfw\">#Oaxaca<\/a>, quien vino a respaldar a <a href=\"https:\/\/twitter.com\/SusanaHarp?ref_src=twsrc%5Etfw\">@SusanaHarp<\/a>.<br>Con ello adelant\u00f3 que la candidata a gubernatura de esta entidad ser\u00eda mujer. <a href=\"https:\/\/t.co\/VPr680RRcO\">pic.twitter.com\/VPr680RRcO<\/a><\/p>&mdash; Zona Roja Oaxaca (@Zona_Roja_Oax) <a href=\"https:\/\/twitter.com\/Zona_Roja_Oax\/status\/1441566820788359177?ref_src=twsrc%5Etfw\">25 de septiembre de 2021<\/a><\/blockquote><\/div>\n<\/div><\/figure>\n\n\n\n<p>Ante los cuestionamientos de la prensa local, Ricardo Monreal \u00c1vila asegur\u00f3 que, aunque Susana Harp se ha mantenido al margen de las aspiraciones pol\u00edticas, toda vez que le dedica la mayor parte de su tiempo al trabajo legislativo, es una realidad que es vista como una aspirante fuerte a la gubernatura de Oaxaca, entidad que en definitiva ser\u00e1 gobernada por Morena.&nbsp;<\/p>\n\n\n\n<p>\u201cOaxaca va ir a la izquierda, va a ganar Morena. Depende mucho de la unidad, yo podr\u00eda decir que tenemos muy fuertes candidatos, precandidatos o aspirantes, obviamente Susana es una de ellas\u201d, dijo.&nbsp;<\/p>\n\n\n\n<p>Finalmente, el coordinador de la bancada morenista asegur\u00f3 que cuidaran que el proceso de selecci\u00f3n del candidato o candidata se logre mediante la unidad a fin de que no exista duda del triunfo de la izquierda en la entidad oaxaque\u00f1a, adem\u00e1s que adelant\u00f3 ser\u00e1 definido mediante encuestas.<\/p>\n\n\n\n<p>Cabe se\u00f1alar que dentro de las leyes y reformas que ha promovido la senadora oaxaque\u00f1a se encuentra la recientemente aprobada Ley Federal de Protecci\u00f3n del Patrimonio Cultural de los Pueblos y Comunidades Ind\u00edgenas y Afromexicanas, as\u00ed como la reforma a la Ley de Desarrollo Rural Sustentable para considerar al amaranto como producto b\u00e1sico y estrat\u00e9gico.<\/p>\n\n\n\n<figure class=\"wp-block-embed-twitter wp-block-embed is-type-rich is-provider-twitter\"><div class=\"wp-block-embed__wrapper\">\n<div class=\"twitter-tweet\"><blockquote class=\"twitter-tweet\" data-lang=\"es\"><p lang=\"es\" dir=\"ltr\"><a href=\"https:\/\/twitter.com\/hashtag\/ENVIVO?src=hash&amp;ref_src=twsrc%5Etfw\">#ENVIVO<\/a><br>Oaxaca de Ju\u00e1rez, Oax., 24 de septiembre de 2021.- Conferencia de prensa de la senadora <a href=\"https:\/\/twitter.com\/SusanaHarp?ref_src=twsrc%5Etfw\">@SusanaHarp<\/a>, momentos antes de su tercer informe de actividades. <br>Aqu\u00ed la transmisi\u00f3n: <br>\ud83d\udc47<a href=\"https:\/\/t.co\/xiWeupmSbJ\">https:\/\/t.co\/xiWeupmSbJ<\/a><\/p>&mdash; Zona Roja Oaxaca (@Zona_Roja_Oax) <a href=\"https:\/\/twitter.com\/Zona_Roja_Oax\/status\/1441524617684815873?ref_src=twsrc%5Etfw\">24 de septiembre de 2021<\/a><\/blockquote><\/div>\n<\/div><\/figure>\n","protected":false},"excerpt":{"rendered":"<p>Evlin Arag\u00f3n\/Zona Roja. Oaxaca de Ju\u00e1rez, Oax., 24 de septiembre de 2021.- La senadora por&hellip;<\/p>\n","protected":false},"author":2,"featured_media":32408,"comment_status":"closed","ping_status":"open","sticky":false,"template":"","format":"standard","meta":{"_lmt_disableupdate":"","_lmt_disable":"","_jetpack_memberships_contains_paid_content":false,"footnotes":""},"categories":[109,46],"tags":[1685],"class_list":["post-32407","post","type-post","status-publish","format-standard","has-post-thumbnail","hentry","category-minuto-a-minuto","category-zona-blanca","tag-susana-harp-iturribarria"],"jetpack_featured_media_url":"https:\/\/zonaroja.com.mx\/wp-content\/uploads\/2021\/09\/Susana-Harp-informe-legislativo.jpg","jetpack_sharing_enabled":true,"_links":{"self":[{"href":"https:\/\/zonaroja.com.mx\/index.php?rest_route=\/wp\/v2\/posts\/32407","targetHints":{"allow":["GET"]}}],"collection":[{"href":"https:\/\/zonaroja.com.mx\/index.php?rest_route=\/wp\/v2\/posts"}],"about":[{"href":"https:\/\/zonaroja.com.mx\/index.php?rest_route=\/wp\/v2\/types\/post"}],"author":[{"embeddable":true,"href":"https:\/\/zonaroja.com.mx\/index.php?rest_route=\/wp\/v2\/users\/2"}],"replies":[{"embeddable":true,"href":"https:\/\/zonaroja.com.mx\/index.php?rest_route=%2Fwp%2Fv2%2Fcomments&post=32407"}],"version-history":[{"count":1,"href":"https:\/\/zonaroja.com.mx\/index.php?rest_route=\/wp\/v2\/posts\/32407\/revisions"}],"predecessor-version":[{"id":32409,"href":"https:\/\/zonaroja.com.mx\/index.php?rest_route=\/wp\/v2\/posts\/32407\/revisions\/32409"}],"wp:featuredmedia":[{"embeddable":true,"href":"https:\/\/zonaroja.com.mx\/index.php?rest_route=\/wp\/v2\/media\/32408"}],"wp:attachment":[{"href":"https:\/\/zonaroja.com.mx\/index.php?rest_route=%2Fwp%2Fv2%2Fmedia&parent=32407"}],"wp:term":[{"taxonomy":"category","embeddable":true,"href":"https:\/\/zonaroja.com.mx\/index.php?rest_route=%2Fwp%2Fv2%2Fcategories&post=32407"},{"taxonomy":"post_tag","embeddable":true,"href":"https:\/\/zonaroja.com.mx\/index.php?rest_route=%2Fwp%2Fv2%2Ftags&post=32407"}],"curies":[{"name":"wp","href":"https:\/\/api.w.org\/{rel}","templated":true}]}}