{"id":3241,"date":"2019-08-20T21:15:08","date_gmt":"2019-08-21T02:15:08","guid":{"rendered":"http:\/\/www.zonaroja.com.mx\/?p=3241"},"modified":"2019-08-20T21:15:11","modified_gmt":"2019-08-21T02:15:11","slug":"cuatro-dias-despues-investiga-fiscalia-agresion-a-universitario","status":"publish","type":"post","link":"https:\/\/zonaroja.com.mx\/?p=3241","title":{"rendered":"Cuatro d\u00edas despu\u00e9s, investiga Fiscal\u00eda agresi\u00f3n a universitario"},"content":{"rendered":"\n<p>Redacci\u00f3n\/Zona Roja.<\/p>\n\n\n\n<p>Oaxaca de Ju\u00e1rez, Oax., 20 de agosto de\n2019.- Tras el mitin y protesta de integrantes del Sindicato de Trabajadores y\nEmpleados de la Universidad Aut\u00f3noma \u201cBenito Ju\u00e1rez\u201d de Oaxaca (UABJO), peritos\nde la Fiscal\u00eda General del Estado iniciaron hoy las indagatorias de la agresi\u00f3n\na un trabajador.<\/p>\n\n\n\n<p>Los hechos ocurrieron la noche del viernes pasado en el sanitario de la Facultad de Arquitectura ubicada en Ciudad Universitaria, donde presuntamente un \u201cporro\u201d identificado como \u201cEl Abuelo\u201d, agredi\u00f3 al empleado de servicios Armando Guti\u00e9rrez. <\/p>\n\n\n\n<figure class=\"wp-block-embed-twitter wp-block-embed is-type-rich is-provider-twitter\"><div class=\"wp-block-embed__wrapper\">\n<div class=\"twitter-tweet\"><blockquote class=\"twitter-tweet\" data-lang=\"es\"><p lang=\"es\" dir=\"ltr\"><a href=\"https:\/\/twitter.com\/hashtag\/OaxacaGris?src=hash&amp;ref_src=twsrc%5Etfw\">#OaxacaGris<\/a><br>En mitin en Arquitectura <a href=\"https:\/\/twitter.com\/UABJO?ref_src=twsrc%5Etfw\">@UABJO<\/a>, afiliados al STEUABJO exigen justicia por la agresi\u00f3n a un trabajador por parte de un \u201cporro\u201d conocido como \u201cEl Abuelo\u201d. Tras el reclamo, arrib\u00f3 personal de la <a href=\"https:\/\/twitter.com\/FISCALIA_GobOax?ref_src=twsrc%5Etfw\">@FISCALIA_GobOax<\/a> a indagar los hechos&#8230; que ocurrieron el pasado s\u00e1bado. <a href=\"https:\/\/t.co\/kaxwAlIyxw\">pic.twitter.com\/kaxwAlIyxw<\/a><\/p>&mdash; Zona Roja Oaxaca (@MexRoja) <a href=\"https:\/\/twitter.com\/MexRoja\/status\/1163891000814780417?ref_src=twsrc%5Etfw\">20 de agosto de 2019<\/a><\/blockquote><\/div>\n<\/div><\/figure>\n\n\n\n<p>Al mediod\u00eda de este martes, los\nafiliados al STEUABJO encabezados por su dirigente Fernando David L\u00f3pez Cruz\nreprocharon la lentitud del \u00f3rgano de procuraci\u00f3n de justicia para indagar los\nhechos.<\/p>\n\n\n\n<p>Luego de ello arribaron peritos y dem\u00e1s\nespecialistas al lugar de los hechos; no obstante, ya no hab\u00eda ninguna\nevidencia de la agresi\u00f3n.<\/p>\n\n\n\n<p>Desde ayer, el rector de la UABJO, Eduardo Bautista Mart\u00ednez, pidi\u00f3 a la Fiscal\u00eda, mediante un comunicado, iniciar las diligencias correspondientes, en tanto que a la Secretar\u00eda de Seguridad P\u00fablica, reforzar la vigilancia en la zona y dem\u00e1s instalaciones universitarias.<\/p>\n\n\n\n<figure class=\"wp-block-embed-twitter wp-block-embed is-type-rich is-provider-twitter\"><div class=\"wp-block-embed__wrapper\">\n<div class=\"twitter-tweet\"><blockquote class=\"twitter-tweet\" data-lang=\"es\"><p lang=\"es\" dir=\"ltr\">A la <a href=\"https:\/\/twitter.com\/hashtag\/ComunidadUABJO?src=hash&amp;ref_src=twsrc%5Etfw\">#ComunidadUABJO<\/a> y sociedad en general:<br>Condeno la agresi\u00f3n sufrida por el compa\u00f1ero trabajador Armando H. G. en instalaciones de la Fac de Arquitectura CU el pasado 17 de agosto. Se inici\u00f3 carpeta de investigaci\u00f3n ante la <a href=\"https:\/\/twitter.com\/FISCALIA_GobOax?ref_src=twsrc%5Etfw\">@FISCALIA_GobOax<\/a>: rector <a href=\"https:\/\/twitter.com\/Bautistaeduardo?ref_src=twsrc%5Etfw\">@Bautistaeduardo<\/a> <a href=\"https:\/\/t.co\/quRu8qECGz\">pic.twitter.com\/quRu8qECGz<\/a><\/p>&mdash; Comunicaci\u00f3nUABJO (@comunica_UABJO) <a href=\"https:\/\/twitter.com\/comunica_UABJO\/status\/1163558775103447040?ref_src=twsrc%5Etfw\">19 de agosto de 2019<\/a><\/blockquote><\/div>\n<\/div><\/figure>\n\n\n\n<p>Esta noche, la Universidad inform\u00f3 que desde\nel momento de la agresi\u00f3n se dio apoyo al trabajador.<\/p>\n\n\n\n<p>En tanto, \u201cpor instrucciones del\nrector, doctor Eduardo Bautista Mart\u00ednez, se otorga todo el respaldo al\ntrabajador y se inici\u00f3 la carpeta de investigaci\u00f3n n\u00famero\n28142\/FVCE\/OAXACA\/2019, tras la denuncia presentada ante la Fiscal\u00eda General\ndel Estado de Oaxaca (FGEO).<\/p>\n\n\n\n<p>\u201cCon la finalidad de esclarecer los\nhechos lo m\u00e1s pronto posible, el doctor Bautista Mart\u00ednez realiz\u00f3 las gestiones\npertinentes para que ma\u00f1ana mi\u00e9rcoles 21 de agosto se reciba a la\nrepresentaci\u00f3n del STEUABJO, en la sede de la Fiscal\u00eda ubicada en la calle de\nArista 313, Centro\u201d.<\/p>\n","protected":false},"excerpt":{"rendered":"<p>Redacci\u00f3n\/Zona Roja. Oaxaca de Ju\u00e1rez, Oax., 20 de agosto de 2019.- Tras el mitin y&hellip;<\/p>\n","protected":false},"author":2,"featured_media":3242,"comment_status":"closed","ping_status":"open","sticky":false,"template":"","format":"standard","meta":{"_lmt_disableupdate":"","_lmt_disable":"","_jetpack_memberships_contains_paid_content":false,"footnotes":""},"categories":[109,47],"tags":[305,282],"class_list":["post-3241","post","type-post","status-publish","format-standard","has-post-thumbnail","hentry","category-minuto-a-minuto","category-zona-gris","tag-steuabjo","tag-universidad-autonoma-benito-juarez-de-oaxaca"],"jetpack_featured_media_url":"https:\/\/zonaroja.com.mx\/wp-content\/uploads\/2019\/08\/1c5faadc-5f64-42df-98e4-675e41a259b5.jpg","jetpack_sharing_enabled":true,"_links":{"self":[{"href":"https:\/\/zonaroja.com.mx\/index.php?rest_route=\/wp\/v2\/posts\/3241","targetHints":{"allow":["GET"]}}],"collection":[{"href":"https:\/\/zonaroja.com.mx\/index.php?rest_route=\/wp\/v2\/posts"}],"about":[{"href":"https:\/\/zonaroja.com.mx\/index.php?rest_route=\/wp\/v2\/types\/post"}],"author":[{"embeddable":true,"href":"https:\/\/zonaroja.com.mx\/index.php?rest_route=\/wp\/v2\/users\/2"}],"replies":[{"embeddable":true,"href":"https:\/\/zonaroja.com.mx\/index.php?rest_route=%2Fwp%2Fv2%2Fcomments&post=3241"}],"version-history":[{"count":1,"href":"https:\/\/zonaroja.com.mx\/index.php?rest_route=\/wp\/v2\/posts\/3241\/revisions"}],"predecessor-version":[{"id":3243,"href":"https:\/\/zonaroja.com.mx\/index.php?rest_route=\/wp\/v2\/posts\/3241\/revisions\/3243"}],"wp:featuredmedia":[{"embeddable":true,"href":"https:\/\/zonaroja.com.mx\/index.php?rest_route=\/wp\/v2\/media\/3242"}],"wp:attachment":[{"href":"https:\/\/zonaroja.com.mx\/index.php?rest_route=%2Fwp%2Fv2%2Fmedia&parent=3241"}],"wp:term":[{"taxonomy":"category","embeddable":true,"href":"https:\/\/zonaroja.com.mx\/index.php?rest_route=%2Fwp%2Fv2%2Fcategories&post=3241"},{"taxonomy":"post_tag","embeddable":true,"href":"https:\/\/zonaroja.com.mx\/index.php?rest_route=%2Fwp%2Fv2%2Ftags&post=3241"}],"curies":[{"name":"wp","href":"https:\/\/api.w.org\/{rel}","templated":true}]}}