{"id":32410,"date":"2021-09-24T21:38:22","date_gmt":"2021-09-25T02:38:22","guid":{"rendered":"http:\/\/www.zonaroja.com.mx\/?p=32410"},"modified":"2021-09-24T21:48:02","modified_gmt":"2021-09-25T02:48:02","slug":"no-cesan-ejecuciones-en-juchitan-en-el-barrio-colocan-narcomantas","status":"publish","type":"post","link":"https:\/\/zonaroja.com.mx\/?p=32410","title":{"rendered":"Violencia extrema en el Istmo: dos ejecutados y \u201cnarcomantas\u201d"},"content":{"rendered":"\n<p>Redacci\u00f3n\/Zona Roja.<\/p>\n\n\n\n<p>Oaxaca de Ju\u00e1rez, Oax., 24 de septiembre de 2021.- Las ejecuciones no cesan en la regi\u00f3n del Istmo de Tehuantepec y este viernes se registraron dos casos.<\/p>\n\n\n\n<p>Esta noche en el municipio de Salina Cruz fue ultimado a balazos un individuo, en la avenida Ferrocarril de la colonia Granadillo, en l\u00edmites con Tehuantepec.<\/p>\n\n\n\n<p>La v\u00edctima presenta m\u00faltiples disparos de arma de fuego y fue identificada como Sa\u00fal M., de 37 a\u00f1os de edad. <\/p>\n\n\n\n<p>Cerca del mediod\u00eda, en el acceso a la colonia Fausto Morgan de Juchit\u00e1n de Zaragoza, fue localizado el cuerpo sin vida de un individuo, con impactos de bala en varias partes del cuerpo.<\/p>\n\n\n\n<p>De manera preliminar fue identificado como Filem\u00f3n V. R., y presuntamente ya hab\u00eda sido detenido en varias ocasiones por diversos delitos.<\/p>\n\n\n\n<p>Por otra parte, la madrugada de hoy, en jurisdicci\u00f3n del municipio de El Barrio de la Soledad, fueron colocadas dos presuntas \u201cnarcomantas\u201d.<\/p>\n\n\n\n<p>En ellas se denuncia a polic\u00edas municipales y al edil Jos\u00e9 \u00c1ngel Carrasco Morales de brindar protecci\u00f3n a grupos criminales y cobrar \u201cpiso\u201d a comercios locales; las mantas fueron retiradas de inmediato y el ayuntamiento guard\u00f3 hermetismo sobre el caso.<\/p>\n\n\n\n<p>Mientras que en Santa Cruz Xoxocotl\u00e1n, durante una ri\u00f1a, un hombre fue atacado con un rifle de di\u00e1bolos; debido a las lesiones, fue trasladado a un hospital de la capital; fue identificado de manera preliminar como Vladimir L\u00f3pez Figueroa.<\/p>\n","protected":false},"excerpt":{"rendered":"<p>Redacci\u00f3n\/Zona Roja. Oaxaca de Ju\u00e1rez, Oax., 24 de septiembre de 2021.- Las ejecuciones no cesan&hellip;<\/p>\n","protected":false},"author":2,"featured_media":30407,"comment_status":"closed","ping_status":"open","sticky":false,"template":"","format":"standard","meta":{"_lmt_disableupdate":"","_lmt_disable":"","_jetpack_memberships_contains_paid_content":false,"footnotes":""},"categories":[109,51],"tags":[123],"class_list":["post-32410","post","type-post","status-publish","format-standard","has-post-thumbnail","hentry","category-minuto-a-minuto","category-zona-roja","tag-juchitan-de-zaragoza"],"jetpack_featured_media_url":"https:\/\/zonaroja.com.mx\/wp-content\/uploads\/2021\/08\/Escena-del-crimen-homicidio-violencia.jpg","jetpack_sharing_enabled":true,"_links":{"self":[{"href":"https:\/\/zonaroja.com.mx\/index.php?rest_route=\/wp\/v2\/posts\/32410","targetHints":{"allow":["GET"]}}],"collection":[{"href":"https:\/\/zonaroja.com.mx\/index.php?rest_route=\/wp\/v2\/posts"}],"about":[{"href":"https:\/\/zonaroja.com.mx\/index.php?rest_route=\/wp\/v2\/types\/post"}],"author":[{"embeddable":true,"href":"https:\/\/zonaroja.com.mx\/index.php?rest_route=\/wp\/v2\/users\/2"}],"replies":[{"embeddable":true,"href":"https:\/\/zonaroja.com.mx\/index.php?rest_route=%2Fwp%2Fv2%2Fcomments&post=32410"}],"version-history":[{"count":2,"href":"https:\/\/zonaroja.com.mx\/index.php?rest_route=\/wp\/v2\/posts\/32410\/revisions"}],"predecessor-version":[{"id":32413,"href":"https:\/\/zonaroja.com.mx\/index.php?rest_route=\/wp\/v2\/posts\/32410\/revisions\/32413"}],"wp:featuredmedia":[{"embeddable":true,"href":"https:\/\/zonaroja.com.mx\/index.php?rest_route=\/wp\/v2\/media\/30407"}],"wp:attachment":[{"href":"https:\/\/zonaroja.com.mx\/index.php?rest_route=%2Fwp%2Fv2%2Fmedia&parent=32410"}],"wp:term":[{"taxonomy":"category","embeddable":true,"href":"https:\/\/zonaroja.com.mx\/index.php?rest_route=%2Fwp%2Fv2%2Fcategories&post=32410"},{"taxonomy":"post_tag","embeddable":true,"href":"https:\/\/zonaroja.com.mx\/index.php?rest_route=%2Fwp%2Fv2%2Ftags&post=32410"}],"curies":[{"name":"wp","href":"https:\/\/api.w.org\/{rel}","templated":true}]}}