{"id":32417,"date":"2021-09-24T22:13:09","date_gmt":"2021-09-25T03:13:09","guid":{"rendered":"http:\/\/www.zonaroja.com.mx\/?p=32417"},"modified":"2021-09-24T22:13:13","modified_gmt":"2021-09-25T03:13:13","slug":"alcanza-oaxaca-los-5100-decesos-por-covid-19","status":"publish","type":"post","link":"https:\/\/zonaroja.com.mx\/?p=32417","title":{"rendered":"Alcanza Oaxaca los 5,100 decesos por Covid-19"},"content":{"rendered":"\n<p>Redacci\u00f3n\/Zona Roja.<\/p>\n\n\n\n<p>Oaxaca de Ju\u00e1rez, Oax. 24 de septiembre de 2021.- Los Servicios de Salud de Oaxaca (SSO), informan que, al corte de este viernes, se ha contabilizado desde el inicio de la pandemia, cinco mil 100 lamentables muertes por Covid-19 en la entidad, siendo las principales comorbilidades la hipertensi\u00f3n arterial, diabetes, obesidad e insuficiencia renal.<\/p>\n\n\n\n<p>En este sentido, la instituci\u00f3n hace un llamado a las personas con enfermedades cr\u00f3nicas degenerativas a continuar con sus tratamientos y alimentarse sanamente, as\u00ed como, aplicar las medidas sanitarias como el uso correcto del cubrebocas, mantener la sana distancia de 1.5 metros, el lavado de manos con agua y jab\u00f3n o alcohol en gel al 70% y evitar las reuniones o fiestas patronales.<\/p>\n\n\n\n<p>Y es que en las \u00faltimas 24 horas, se han registrado 248 casos nuevos y 12 decesos; hay mil 257 personas activas con la enfermedad, que pueden transmitirla hasta cinco m\u00e1s, por lo que suman 75 mil 097 casos acumulados de esta patolog\u00eda respiratoria.<\/p>\n\n\n\n<p>De acuerdo al panorama jurisdiccional, Valles Centrales registra 45 mil 514 casos confirmados y dos mil 290 defunciones, Istmo 10 mil 405 casos confirmados y mil 103 fallecimientos, Tuxtepec cinco mil 182 casos confirmados y 482 muertes, Costa cinco mil 544 casos confirmados y 437 p\u00e9rdidas, Mixteca cinco mil 914 casos confirmados y 517 defunciones, Sierra dos mil 538 casos confirmados y 271 fallecimientos.<\/p>\n\n\n\n<figure class=\"wp-block-embed-twitter wp-block-embed is-type-rich is-provider-twitter\"><div class=\"wp-block-embed__wrapper\">\n<div class=\"twitter-tweet\"><blockquote class=\"twitter-tweet\" data-lang=\"es\"><p lang=\"es\" dir=\"ltr\"><a href=\"https:\/\/twitter.com\/hashtag\/%C3%9AltimoMinuto?src=hash&amp;ref_src=twsrc%5Etfw\">#\u00daltimoMinuto<\/a><br>Este viernes, los Servicios de Salud de <a href=\"https:\/\/twitter.com\/hashtag\/Oaxaca?src=hash&amp;ref_src=twsrc%5Etfw\">#Oaxaca<\/a> reportaron 248 casos positivos a Covid, con lo que suma 75 mil 97 casos confirmados.<br>Asimismo, 12 decesos, para un total de 5 mil 100 fallecimientos.<br>Hay 9 nosocomios llenos; ocupaci\u00f3n hospitalaria 52.6%<a href=\"https:\/\/twitter.com\/hashtag\/Qu%C3%A9dateEnCasa?src=hash&amp;ref_src=twsrc%5Etfw\">#Qu\u00e9dateEnCasa<\/a> <a href=\"https:\/\/t.co\/OxVYWVirMD\">pic.twitter.com\/OxVYWVirMD<\/a><\/p>&mdash; Zona Roja Oaxaca (@Zona_Roja_Oax) <a href=\"https:\/\/twitter.com\/Zona_Roja_Oax\/status\/1441583207250464777?ref_src=twsrc%5Etfw\">25 de septiembre de 2021<\/a><\/blockquote><\/div>\n<\/div><\/figure>\n\n\n\n<p>Los 248 casos nuevos afectan a 59 municipios, siendo Oaxaca de Ju\u00e1rez el primer lugar con 70, seguido de Tlacolula de Matamoros con 20, Salina Cruz 15, Santa Cruz Xoxocotl\u00e1n 11, Santa Mar\u00eda Atzompa ocho, Cuil\u00e1pam de Guerrero, Juchit\u00e1n de Zaragoza, Santa Cruz Amilpas y Santa Luc\u00eda del Camino siete cada uno, San Juan Bautista Tuxtepec y Santo Domingo Tehuantepec seis cada uno, Villa de Zaachila cinco, el resto de cuatro a un solo caso.<\/p>\n\n\n\n<p>En cuanto al personal de Salud que se ha contagiado, hay mil 824 de la rama m\u00e9dica, dos mil 375 de enfermer\u00eda y dos mil 161 de otras \u00e1reas afines.<\/p>\n\n\n\n<p>De las cinco mil 100 defunciones, tres mil 250 son hombres y mil 850 mujeres, los grupos de edad m\u00e1s afectados son los de 65 y m\u00e1s a\u00f1os con dos mil 347, de 50 a 59 con mil 099, de 60 a 64 con 709 y de 25 a 44 a\u00f1os con 531.<\/p>\n\n\n\n<p>En relaci\u00f3n a la ocupaci\u00f3n hospitalaria, destaca la Jurisdicci\u00f3n Sanitaria de la Mixteca con 59.5%, Valles Centrales con 56.9%, Istmo 55.8%, Tuxtepec con 50.8%, Costa 31.7% y Sierra 0 por ciento.<\/p>\n\n\n\n<p>Hay nueve nosocomios con el 100% de ocupaci\u00f3n, y ocho nuevos hospitalizados, de las 502 camas destinadas para pacientes con esta enfermedad, se encuentran disponibles 238, lo que hace que el promedio de la red m\u00e9dica sea del 52.6%.<\/p>\n\n\n\n<p>(Comunicado)<\/p>\n","protected":false},"excerpt":{"rendered":"<p>Redacci\u00f3n\/Zona Roja. Oaxaca de Ju\u00e1rez, Oax. 24 de septiembre de 2021.- Los Servicios de Salud&hellip;<\/p>\n","protected":false},"author":2,"featured_media":32415,"comment_status":"closed","ping_status":"open","sticky":false,"template":"","format":"standard","meta":{"_lmt_disableupdate":"","_lmt_disable":"","_jetpack_memberships_contains_paid_content":false,"footnotes":""},"categories":[109,47],"tags":[1512],"class_list":["post-32417","post","type-post","status-publish","format-standard","has-post-thumbnail","hentry","category-minuto-a-minuto","category-zona-gris","tag-coronavirus-oaxaca"],"jetpack_featured_media_url":"https:\/\/zonaroja.com.mx\/wp-content\/uploads\/2021\/09\/GRAFICA-SSO-01-1-1.jpg","jetpack_sharing_enabled":true,"_links":{"self":[{"href":"https:\/\/zonaroja.com.mx\/index.php?rest_route=\/wp\/v2\/posts\/32417","targetHints":{"allow":["GET"]}}],"collection":[{"href":"https:\/\/zonaroja.com.mx\/index.php?rest_route=\/wp\/v2\/posts"}],"about":[{"href":"https:\/\/zonaroja.com.mx\/index.php?rest_route=\/wp\/v2\/types\/post"}],"author":[{"embeddable":true,"href":"https:\/\/zonaroja.com.mx\/index.php?rest_route=\/wp\/v2\/users\/2"}],"replies":[{"embeddable":true,"href":"https:\/\/zonaroja.com.mx\/index.php?rest_route=%2Fwp%2Fv2%2Fcomments&post=32417"}],"version-history":[{"count":1,"href":"https:\/\/zonaroja.com.mx\/index.php?rest_route=\/wp\/v2\/posts\/32417\/revisions"}],"predecessor-version":[{"id":32418,"href":"https:\/\/zonaroja.com.mx\/index.php?rest_route=\/wp\/v2\/posts\/32417\/revisions\/32418"}],"wp:featuredmedia":[{"embeddable":true,"href":"https:\/\/zonaroja.com.mx\/index.php?rest_route=\/wp\/v2\/media\/32415"}],"wp:attachment":[{"href":"https:\/\/zonaroja.com.mx\/index.php?rest_route=%2Fwp%2Fv2%2Fmedia&parent=32417"}],"wp:term":[{"taxonomy":"category","embeddable":true,"href":"https:\/\/zonaroja.com.mx\/index.php?rest_route=%2Fwp%2Fv2%2Fcategories&post=32417"},{"taxonomy":"post_tag","embeddable":true,"href":"https:\/\/zonaroja.com.mx\/index.php?rest_route=%2Fwp%2Fv2%2Ftags&post=32417"}],"curies":[{"name":"wp","href":"https:\/\/api.w.org\/{rel}","templated":true}]}}