{"id":32419,"date":"2021-09-25T08:18:57","date_gmt":"2021-09-25T13:18:57","guid":{"rendered":"http:\/\/www.zonaroja.com.mx\/?p=32419"},"modified":"2021-09-24T22:19:49","modified_gmt":"2021-09-25T03:19:49","slug":"recomiendan-resguardar-integridad-de-alumnado-por-lluvias-norte-y-frente-frio","status":"publish","type":"post","link":"https:\/\/zonaroja.com.mx\/?p=32419","title":{"rendered":"Recomiendan resguardar integridad de alumnado por lluvias, \u201cNorte\u201d y Frente Fr\u00edo"},"content":{"rendered":"\n<p>Redacci\u00f3n\/Zona Roja.<\/p>\n\n\n\n<p>Oaxaca de Ju\u00e1rez, Oax. 24 de septiembre de 2021.- En atenci\u00f3n a los avisos emitidos por la Coordinaci\u00f3n Nacional de Protecci\u00f3n Civil (CNPC) que alert\u00f3 sobre el pron\u00f3stico de lluvias fuertes, evento de \u201cNorte\u201d y el ingreso del primer Frente Fr\u00edo que afectar\u00e1n a zonas de la entidad del 24 al 27 de septiembre, el Instituto Estatal de Educaci\u00f3n P\u00fablica de Oaxaca (IEEPO) recomienda a padres, madres de familia, docentes y autoridades tomar las precauciones necesarias para cuidar la salud&nbsp; y proteger la integridad de las ni\u00f1as, ni\u00f1os y adolescentes.<\/p>\n\n\n\n<p>Por instrucciones del director general, Francisco \u00c1ngel Villarreal, se iniciaron los protocolos correspondientes a trav\u00e9s del \u00c1rea de Protecci\u00f3n Civil y Emergencia Escolar y se pide a la comunidad docente y escolar estar atenta a la informaci\u00f3n que emita la Coordinaci\u00f3n Estatal de Protecci\u00f3n Civil (CEPCO) para conocer los cambios climatol\u00f3gicos, ya que la temporada de frentes fr\u00edos ser\u00e1 de septiembre de 2021, al mes de mayo de 2022.<\/p>\n\n\n\n<p>Las autoridades municipales, escolares y padres de familia pueden revisar las medidas de emergencia en las escuelas de educaci\u00f3n b\u00e1sica, principalmente las que se encuentren en actividades semipresenciales, para prevenir cualquier situaci\u00f3n ya que de acuerdo con los pron\u00f3sticos meteorol\u00f3gicos, los cambios de clima continuar\u00e1n en los pr\u00f3ximos d\u00edas.<\/p>\n\n\n\n<p>En Oaxaca, desde este viernes&nbsp; y hasta el lunes se prev\u00e9n lluvias fuertes en algunas zonas y viento componente \u201cNorte\u201d con rachas de 50 a 60 kil\u00f3metros por hora en el Istmo y Golfo de Tehuantepec, aunado a los efectos del Frente Fr\u00edo n\u00famero 1.<\/p>\n\n\n\n<p>El IEEPO mantiene un enlace permanente con todas las instancias del Gobierno del Estado, principalmente con la CEPCO, para conjuntar esfuerzos que permitan brindar auxilio a la poblaci\u00f3n escolar, cuidar la integridad de alumnos, alumnas y docentes, as\u00ed como garantizar los servicios educativos que se brindan.<\/p>\n","protected":false},"excerpt":{"rendered":"<p>Redacci\u00f3n\/Zona Roja. Oaxaca de Ju\u00e1rez, Oax. 24 de septiembre de 2021.- En atenci\u00f3n a los&hellip;<\/p>\n","protected":false},"author":2,"featured_media":32416,"comment_status":"closed","ping_status":"open","sticky":false,"template":"","format":"standard","meta":{"_lmt_disableupdate":"","_lmt_disable":"","_jetpack_memberships_contains_paid_content":false,"footnotes":""},"categories":[109,46],"tags":[2837],"class_list":["post-32419","post","type-post","status-publish","format-standard","has-post-thumbnail","hentry","category-minuto-a-minuto","category-zona-blanca","tag-instituto-estatal-de-educacion-publica-de-oaxaca-ieepo"],"jetpack_featured_media_url":"https:\/\/zonaroja.com.mx\/wp-content\/uploads\/2021\/09\/IEEPO-1-1.jpeg","jetpack_sharing_enabled":true,"_links":{"self":[{"href":"https:\/\/zonaroja.com.mx\/index.php?rest_route=\/wp\/v2\/posts\/32419","targetHints":{"allow":["GET"]}}],"collection":[{"href":"https:\/\/zonaroja.com.mx\/index.php?rest_route=\/wp\/v2\/posts"}],"about":[{"href":"https:\/\/zonaroja.com.mx\/index.php?rest_route=\/wp\/v2\/types\/post"}],"author":[{"embeddable":true,"href":"https:\/\/zonaroja.com.mx\/index.php?rest_route=\/wp\/v2\/users\/2"}],"replies":[{"embeddable":true,"href":"https:\/\/zonaroja.com.mx\/index.php?rest_route=%2Fwp%2Fv2%2Fcomments&post=32419"}],"version-history":[{"count":1,"href":"https:\/\/zonaroja.com.mx\/index.php?rest_route=\/wp\/v2\/posts\/32419\/revisions"}],"predecessor-version":[{"id":32420,"href":"https:\/\/zonaroja.com.mx\/index.php?rest_route=\/wp\/v2\/posts\/32419\/revisions\/32420"}],"wp:featuredmedia":[{"embeddable":true,"href":"https:\/\/zonaroja.com.mx\/index.php?rest_route=\/wp\/v2\/media\/32416"}],"wp:attachment":[{"href":"https:\/\/zonaroja.com.mx\/index.php?rest_route=%2Fwp%2Fv2%2Fmedia&parent=32419"}],"wp:term":[{"taxonomy":"category","embeddable":true,"href":"https:\/\/zonaroja.com.mx\/index.php?rest_route=%2Fwp%2Fv2%2Fcategories&post=32419"},{"taxonomy":"post_tag","embeddable":true,"href":"https:\/\/zonaroja.com.mx\/index.php?rest_route=%2Fwp%2Fv2%2Ftags&post=32419"}],"curies":[{"name":"wp","href":"https:\/\/api.w.org\/{rel}","templated":true}]}}