{"id":32422,"date":"2021-09-25T07:27:54","date_gmt":"2021-09-25T12:27:54","guid":{"rendered":"http:\/\/www.zonaroja.com.mx\/?p=32422"},"modified":"2021-09-25T07:27:57","modified_gmt":"2021-09-25T12:27:57","slug":"imparte-poder-judicial-taller-a-periodistas-y-comunicadores-locales-y-del-pais","status":"publish","type":"post","link":"https:\/\/zonaroja.com.mx\/?p=32422","title":{"rendered":"Imparte Poder Judicial taller a periodistas y comunicadores locales y del pa\u00eds"},"content":{"rendered":"\n<p>Redacci\u00f3n\/Zona Roja.<\/p>\n\n\n\n<p>Oaxaca de Ju\u00e1rez, Oax., 25 de septiembre de 2021.- A invitaci\u00f3n del Poder Judicial de Oaxaca, un grupo de m\u00e1s de 60 periodistas, reporteros y directivos de medios de comunicaci\u00f3n escritos, electr\u00f3nicos y digitales, comunicadores locales y de diferentes entidades de la Rep\u00fablica Mexicana as\u00ed como titulares de las coordinaciones de Comunicaci\u00f3n Social de Poderes Judiciales de los estados, participaron en el taller virtual \u201cComunicaci\u00f3n y justicia\u201d, que durante tres d\u00edas se imparti\u00f3 sobre las materias penal, laboral y familiar.<\/p>\n\n\n\n<p>A nombre del magistrado presidente Eduardo Pinacho S\u00e1nchez, el director de la Escuela Judicial, H\u00e9ctor Humberto V\u00e1squez Quevedo y la coordinadora de Comunicaci\u00f3n Social del Tribunal Superior de Justicia, Mariana Wade Galv\u00e1n, destacaron la importancia de que las personas que inciden en la opini\u00f3n p\u00fablica se actualicen en temas del \u00e1mbito jur\u00eddico y el tratamiento noticioso que se debe dar ahora a los casos judiciales, con el fin de evitar violaciones a los derechos de las personas.<\/p>\n\n\n\n<p>En el primer m\u00f3dulo del taller, con el tema Sistema Acusatorio Penal, Manlio Rigoberto Hern\u00e1ndez Dom\u00ednguez abord\u00f3 aspectos generales de este modelo de justicia basado en los juicios orales, sus principios rectores e implicaciones period\u00edsticas.<\/p>\n\n\n\n<p>Se\u00f1al\u00f3 que en el tratamiento de la noticia se debe respetar la garant\u00eda constitucional de la presunci\u00f3n de inocencia, ya que hasta que no se dicte sentencia, se considera inocente a la persona involucrada en un delito y por lo tanto debe respetarse su dignidad humana. Asimismo, en las im\u00e1genes y fotograf\u00edas es necesario cuidar que no se establezcan estereotipos ante la sociedad antes de tiempo, por respeto a su familia y reputaci\u00f3n.<\/p>\n\n\n\n<p>Durante la segunda sesi\u00f3n, a cargo de V\u00edctor Alberto Quiroz Arellanes, con el tema \u201cEl nuevo sistema de justicia laboral\u201d, se abordaron aspectos del proceso, retos y marco normativo de la implementaci\u00f3n de la Reforma Laboral.<\/p>\n\n\n\n<p>En su participaci\u00f3n mencion\u00f3 los tres grandes ejes en torno a este nuevo modelo, como son la creaci\u00f3n del Centro Federal de Conciliaci\u00f3n y Registros Laborales, de los juzgados laborales y del Centro de Conciliaci\u00f3n Laboral en cada entidad. Explic\u00f3 que las juntas de conciliaci\u00f3n y arbitraje no desaparecen de inmediato, sino hasta el momento en que concluyan con todos los asuntos que llevan actualmente.<\/p>\n\n\n\n<p>Por su parte, Elizabeth Roxana L\u00f3pez Luna, en el \u00faltimo d\u00eda de taller, se refiri\u00f3 a los asuntos judiciales en materia familiar, sus implicaciones, grupos de personas en condici\u00f3n de vulnerabilidad, medidas de protecci\u00f3n y efectividad de los derechos humanos; adem\u00e1s del cuidado de las ni\u00f1as y ni\u00f1os en situaciones como la guarda y custodia as\u00ed como la sensibilizaci\u00f3n a los padres para que no obstaculicen con actitudes negativas el sano desarrollo y convivencia de sus hijas e hijos.<\/p>\n\n\n\n<p>Durante el taller virtual \u201cComunicaci\u00f3n y justicia\u201d, las y los asistentes tuvieron la oportunidad de exponer sus dudas y comentarios as\u00ed como diferentes experiencias en el tema informativo.<\/p>\n","protected":false},"excerpt":{"rendered":"<p>Redacci\u00f3n\/Zona Roja. Oaxaca de Ju\u00e1rez, Oax., 25 de septiembre de 2021.- A invitaci\u00f3n del Poder&hellip;<\/p>\n","protected":false},"author":2,"featured_media":32423,"comment_status":"closed","ping_status":"open","sticky":false,"template":"","format":"standard","meta":{"_lmt_disableupdate":"","_lmt_disable":"","_jetpack_memberships_contains_paid_content":false,"footnotes":""},"categories":[109,46],"tags":[223],"class_list":["post-32422","post","type-post","status-publish","format-standard","has-post-thumbnail","hentry","category-minuto-a-minuto","category-zona-blanca","tag-poder-judicial-de-oaxaca"],"jetpack_featured_media_url":"https:\/\/zonaroja.com.mx\/wp-content\/uploads\/2021\/09\/Imparte-Poder-Judicial-capacitacion-a-periodistas-ok.jpg","jetpack_sharing_enabled":true,"_links":{"self":[{"href":"https:\/\/zonaroja.com.mx\/index.php?rest_route=\/wp\/v2\/posts\/32422","targetHints":{"allow":["GET"]}}],"collection":[{"href":"https:\/\/zonaroja.com.mx\/index.php?rest_route=\/wp\/v2\/posts"}],"about":[{"href":"https:\/\/zonaroja.com.mx\/index.php?rest_route=\/wp\/v2\/types\/post"}],"author":[{"embeddable":true,"href":"https:\/\/zonaroja.com.mx\/index.php?rest_route=\/wp\/v2\/users\/2"}],"replies":[{"embeddable":true,"href":"https:\/\/zonaroja.com.mx\/index.php?rest_route=%2Fwp%2Fv2%2Fcomments&post=32422"}],"version-history":[{"count":1,"href":"https:\/\/zonaroja.com.mx\/index.php?rest_route=\/wp\/v2\/posts\/32422\/revisions"}],"predecessor-version":[{"id":32424,"href":"https:\/\/zonaroja.com.mx\/index.php?rest_route=\/wp\/v2\/posts\/32422\/revisions\/32424"}],"wp:featuredmedia":[{"embeddable":true,"href":"https:\/\/zonaroja.com.mx\/index.php?rest_route=\/wp\/v2\/media\/32423"}],"wp:attachment":[{"href":"https:\/\/zonaroja.com.mx\/index.php?rest_route=%2Fwp%2Fv2%2Fmedia&parent=32422"}],"wp:term":[{"taxonomy":"category","embeddable":true,"href":"https:\/\/zonaroja.com.mx\/index.php?rest_route=%2Fwp%2Fv2%2Fcategories&post=32422"},{"taxonomy":"post_tag","embeddable":true,"href":"https:\/\/zonaroja.com.mx\/index.php?rest_route=%2Fwp%2Fv2%2Ftags&post=32422"}],"curies":[{"name":"wp","href":"https:\/\/api.w.org\/{rel}","templated":true}]}}