{"id":32425,"date":"2021-09-25T07:37:19","date_gmt":"2021-09-25T12:37:19","guid":{"rendered":"http:\/\/www.zonaroja.com.mx\/?p=32425"},"modified":"2021-09-25T07:37:22","modified_gmt":"2021-09-25T12:37:22","slug":"oaxaca-segundo-lugar-nacional-con-mas-periodistas-y-defensores-bajo-proteccion","status":"publish","type":"post","link":"https:\/\/zonaroja.com.mx\/?p=32425","title":{"rendered":"Oaxaca, segundo lugar nacional con m\u00e1s periodistas y defensores bajo protecci\u00f3n"},"content":{"rendered":"\n<p>Redacci\u00f3n\/Zona Roja.<\/p>\n\n\n\n<p>Oaxaca de Ju\u00e1rez, Oax., 25 de septiembre de 2021.- Con 142 personas, 21 de ellos periodistas y 121 defensores de derechos humanos, Oaxaca es el segundo estado a nivel nacional con el mayor n\u00famero de personas incorporadas al Mecanismo para la Protecci\u00f3n de Personas Defensoras de Derechos Humanos y Periodistas<\/p>\n\n\n\n<p>As\u00ed lo inform\u00f3 el titular de la Unidad para la Defensa de los Derechos Humanos de la Secretar\u00eda de Gobernaci\u00f3n (Segob), Enrique Irazoque Palazuelos, al presentar este viernes en Oaxaca el esquema, durante una jornada de capacitaci\u00f3n de comunicadoras.<\/p>\n\n\n\n<p>En su mensaje, se\u00f1al\u00f3&nbsp; que el Mecanismo busca ser la columna vertebral sobre la cual se sostengan acciones interinstitucionales que permitan brindar una atenci\u00f3n m\u00e1s eficaz a quienes se encuentren en un situaci\u00f3n de riesgo, sin embargo, \u00e9sta no debe ser la \u00fanica pol\u00edtica p\u00fablica en materia de protecci\u00f3n.<\/p>\n\n\n\n<p>Explic\u00f3 que el Mecanismo requiere que las autoridades estatales y municipales asuman sus responsabilidades en materia de protecci\u00f3n a periodistas y personas defensoras de derechos humanos, ya que en muchos de los casos las autoridades locales son parte del problema e incluso se convierten en perpetradores de las agresiones.<\/p>\n\n\n\n<p>A\u00f1adi\u00f3 que el Mecanismo necesita establecer v\u00ednculos con otras instituciones para poder dar una atenci\u00f3n m\u00e1s eficaz, ya que actualmente hay mil 501 personas incorporadas en todo el pa\u00eds, entre personas defensoras y periodistas.<\/p>\n\n\n\n<p>Irazoque Palazuelos resalt\u00f3 que la impunidad es uno de los grandes retos para garantizar la seguridad de las personas defensoras y periodistas, ya que hay entre un 80 y 90 por ciento de impunidad en casos de agresiones, aunado a la corrupci\u00f3n y a la creciente intervenci\u00f3n de grupos del crimen organizado, lo que hace urgente que las autoridades responsables de procuraci\u00f3n y administraci\u00f3n de justicia combatan la impunidad.<\/p>\n\n\n\n<p>CRECIENTES ATAQUES<\/p>\n\n\n\n<p>Al dar su mensaje de bienvenida a la conferencia de presentaci\u00f3n del funcionamiento del Mecanismo de Protecci\u00f3n para Personas Defensoras de Derechos Humanos y Periodistas, el ombudsperson Bernardo Rodr\u00edguez Alamilla, advirti\u00f3 que, en el marco del proceso electoral, periodistas y personas defensoras son altamente vulnerables, por lo que es imprescindible emprender acciones conjuntas e integrales para prevenir cualquier riesgo derivado de sus actividades.<\/p>\n\n\n\n<p>Apunt\u00f3 que las agresiones a periodistas son ataques contra toda la comunidad y detall\u00f3 que la DDHPO ha iniciado 287 investigaciones derivadas de quejas y cuadernos de antecedentes relacionados con violaciones a los derechos de periodistas en la entidad, entre enero de 2015 y hasta el 23 de septiembre de 2021. Mientras que, en lo que corresponde a personas defensoras, se tienen 61 expedientes de enero de 2018 a septiembre de 2021.<\/p>\n\n\n\n<p>En un comunicado de prensa, Rodr\u00edguez Alamilla se\u00f1al\u00f3 que la DDHPO es un espacio creado para defender de manera irrestricta los derechos fundamentales de las personas, pero tambi\u00e9n un lugar abierto al di\u00e1logo, la mediaci\u00f3n y la resoluci\u00f3n pac\u00edfica de controversias, por ello, el organismo aut\u00f3nomo busca aportar acciones y medidas que contribuyan a que la ciudadan\u00eda y en particular los sectores m\u00e1s vulnerables, tengan derecho efectivo a acceder a una vida digna y libre de violencia.<\/p>\n\n\n\n<p>Refiri\u00f3 que, en 2019, la Oficina en M\u00e9xico del Alto Comisionado de las Naciones Unidas para los Derechos Humanos (ONU-DH) realiz\u00f3 un diagn\u00f3stico sobre el funcionamiento del Mecanismo de Protecci\u00f3n para Personas Defensoras de Derechos Humanos y Periodistas, tras lo cual emiti\u00f3 104 recomendaciones para su fortalecimiento.<\/p>\n\n\n\n<p>Al t\u00e9rmino de la conferencia, comunicadores de la entidad participaron en el Curso para Periodistas en Materia de Autoprotecci\u00f3n, impartido por el director general para la Protecci\u00f3n de Personas Defensoras de Derechos Humanos, Jorge Ruiz del \u00c1ngel.<\/p>\n\n\n\n<p>Adem\u00e1s de llevarse a cabo una reuni\u00f3n interinstitucional para garantizar la implementaci\u00f3n efectiva de medidas de protecci\u00f3n, as\u00ed como de visibilizar una agenda de prevenci\u00f3n en la comisi\u00f3n de delitos contra la libertad de expresi\u00f3n y el ejercicio period\u00edstico.<\/p>\n","protected":false},"excerpt":{"rendered":"<p>Redacci\u00f3n\/Zona Roja. Oaxaca de Ju\u00e1rez, Oax., 25 de septiembre de 2021.- Con 142 personas, 21&hellip;<\/p>\n","protected":false},"author":2,"featured_media":32414,"comment_status":"closed","ping_status":"open","sticky":false,"template":"","format":"standard","meta":{"_lmt_disableupdate":"","_lmt_disable":"","_jetpack_memberships_contains_paid_content":false,"footnotes":""},"categories":[109,46],"tags":[287],"class_list":["post-32425","post","type-post","status-publish","format-standard","has-post-thumbnail","hentry","category-minuto-a-minuto","category-zona-blanca","tag-ddhpo"],"jetpack_featured_media_url":"https:\/\/zonaroja.com.mx\/wp-content\/uploads\/2021\/09\/24-septiembre-Acciones-integrales-y-conjuntas-para-prevenir-agresiones-contra-periodistas-3-Enrique-Irazoque.jpg","jetpack_sharing_enabled":true,"_links":{"self":[{"href":"https:\/\/zonaroja.com.mx\/index.php?rest_route=\/wp\/v2\/posts\/32425","targetHints":{"allow":["GET"]}}],"collection":[{"href":"https:\/\/zonaroja.com.mx\/index.php?rest_route=\/wp\/v2\/posts"}],"about":[{"href":"https:\/\/zonaroja.com.mx\/index.php?rest_route=\/wp\/v2\/types\/post"}],"author":[{"embeddable":true,"href":"https:\/\/zonaroja.com.mx\/index.php?rest_route=\/wp\/v2\/users\/2"}],"replies":[{"embeddable":true,"href":"https:\/\/zonaroja.com.mx\/index.php?rest_route=%2Fwp%2Fv2%2Fcomments&post=32425"}],"version-history":[{"count":1,"href":"https:\/\/zonaroja.com.mx\/index.php?rest_route=\/wp\/v2\/posts\/32425\/revisions"}],"predecessor-version":[{"id":32426,"href":"https:\/\/zonaroja.com.mx\/index.php?rest_route=\/wp\/v2\/posts\/32425\/revisions\/32426"}],"wp:featuredmedia":[{"embeddable":true,"href":"https:\/\/zonaroja.com.mx\/index.php?rest_route=\/wp\/v2\/media\/32414"}],"wp:attachment":[{"href":"https:\/\/zonaroja.com.mx\/index.php?rest_route=%2Fwp%2Fv2%2Fmedia&parent=32425"}],"wp:term":[{"taxonomy":"category","embeddable":true,"href":"https:\/\/zonaroja.com.mx\/index.php?rest_route=%2Fwp%2Fv2%2Fcategories&post=32425"},{"taxonomy":"post_tag","embeddable":true,"href":"https:\/\/zonaroja.com.mx\/index.php?rest_route=%2Fwp%2Fv2%2Ftags&post=32425"}],"curies":[{"name":"wp","href":"https:\/\/api.w.org\/{rel}","templated":true}]}}