{"id":32431,"date":"2021-09-25T12:00:53","date_gmt":"2021-09-25T17:00:53","guid":{"rendered":"https:\/\/www.zonaroja.com.mx\/?p=32431"},"modified":"2021-09-25T12:00:55","modified_gmt":"2021-09-25T17:00:55","slug":"destaca-susana-harp-leyes-a-favor-de-la-comunidad-afromexicana-medio-ambiente-y-cultura","status":"publish","type":"post","link":"https:\/\/zonaroja.com.mx\/?p=32431","title":{"rendered":"Destaca Susana Harp leyes a favor de la comunidad afromexicana, medio ambiente, y cultura"},"content":{"rendered":"\n<p>Evlin Arag\u00f3n\/Zona Roja.&nbsp;<\/p>\n\n\n\n<p>Oaxaca de Ju\u00e1rez, Oax., 25 de septiembre de 2021.- Como parte de su tercer informe de actividades, la senadora de Oaxaca por Morena, Susana Harp Iturribarr\u00eda, destac\u00f3 la publicaci\u00f3n de por lo menos cuatro leyes, promovidas por ella, en el Diario Oficial de la Federaci\u00f3n (DOF) en beneficio de las comunidades afromexicanas, el medio ambiente, la cultura y la educaci\u00f3n.&nbsp;&nbsp;&nbsp;<\/p>\n\n\n\n<p>De acuerdo con la legisladora, todo su trabajo al interior del Senado se ha se ha enfocado en proyectos que buscan condiciones de mayor justicia e igualdad para todos y todas, que promueven los valores de la democracia, la protecci\u00f3n del ambiente, el respeto a las culturas y as\u00ed contribuir a sacar de la invisibilidad y retraso a las comunidades.&nbsp;&nbsp;<\/p>\n\n\n\n<p>Claro ejemplo la propuesta de reconocimiento a los pueblos y comunidades afromexicanas que se incluy\u00f3 en la Constituci\u00f3n Pol\u00edtica de los Estados Unidos Mexicanos, misma que ahora reconoce a dichas comunidades como parte de la composici\u00f3n pluricultural de la naci\u00f3n.&nbsp;&nbsp;<\/p>\n\n\n\n<p>\u201cSon tantos aqu\u00ed en Oaxaca, all\u00e1 en Veracruz, en Guerrero, en Coahuila y en otras regiones del pa\u00eds, que no pod\u00edan seguir siendo invisibilizados por la discriminaci\u00f3n estructural. La invisibilidad es una de las peores formas de discriminaci\u00f3n\u201d, dijo como parte de su discurso con sede en la Facultad de Bellas Artes de la Universidad Aut\u00f3noma \u201cBenito Ju\u00e1rez\u201d de Oaxaca.&nbsp;&nbsp;<\/p>\n\n\n\n<p>En este sentido, explic\u00f3 que dicho reconocimiento constitucional es s\u00f3lo el inicio de un conjunto de reformas que buscar\u00e1n abrir espacios de igualdad y apoyo institucional para la comunidad afromexicana, de ah\u00ed que ha propuesto cambios para armonizar 14 leyes a fin de mejorar su vida cotidiana.&nbsp;&nbsp;<\/p>\n\n\n\n<p>Las leyes que ser\u00edan modificadas son que tiene que ver con la migraci\u00f3n, la educaci\u00f3n, pesca y acuacultura sustentables, desarrollo social, vivienda, telecomunicaci\u00f3n y radiodifusi\u00f3n, cultura, partidos pol\u00edticos, salud, turismo, desarrollo rural sustentable, juventud, as\u00ed como el C\u00f3digo Penal Federal.&nbsp;<\/p>\n\n\n\n<p>\u201cHasta aqu\u00ed vamos y sabemos que debemos seguir trabajando hasta que la igualdad de derechos sea una cotidianidad para todas estas comunidades\u201d, se\u00f1al\u00f3.  <\/p>\n\n\n\n<p><div class=\"twitter-tweet\"><blockquote class=\"twitter-tweet\" data-lang=\"es\"><p lang=\"es\" dir=\"ltr\"><a href=\"https:\/\/twitter.com\/hashtag\/%C3%9AltimoMinuto?src=hash&amp;ref_src=twsrc%5Etfw\">#\u00daltimoMinuto<\/a><br>Este es parte del tercer informe legislativo que rindi\u00f3 la senadora <a href=\"https:\/\/twitter.com\/SusanaHarp?ref_src=twsrc%5Etfw\">@SusanaHarp<\/a>, en la Facultad de Bellas Artes de Oaxaca. Estuvo acompa\u00f1ada por el dirigente nacional de <a href=\"https:\/\/twitter.com\/PartidoMorenaMx?ref_src=twsrc%5Etfw\">@PartidoMorenaMx<\/a>, <a href=\"https:\/\/twitter.com\/mario_delgado?ref_src=twsrc%5Etfw\">@mario_delgado<\/a>, el senador <a href=\"https:\/\/twitter.com\/RicardoMonrealA?ref_src=twsrc%5Etfw\">@RicardoMonrealA<\/a>, as\u00ed como legisladores nacionales. <a href=\"https:\/\/t.co\/dtJti6AqES\">pic.twitter.com\/dtJti6AqES<\/a><\/p>&mdash; Zona Roja Oaxaca (@Zona_Roja_Oax) <a href=\"https:\/\/twitter.com\/Zona_Roja_Oax\/status\/1441552370320695296?ref_src=twsrc%5Etfw\">24 de septiembre de 2021<\/a><\/blockquote><\/div><\/p>\n\n\n\n<p>Susana Harp reafirm\u00f3 su compromiso con el cuidado del medio ambiente, de ah\u00ed que en abril del 2020 se public\u00f3 en el DOF la reforma a la Ley de Desarrollo Forestal Sustentable, la cual tiene por finalidad actualizar y homologar conceptos con la normatividad internacional.&nbsp;<\/p>\n\n\n\n<p>Tambi\u00e9n contribuy\u00f3 en el debate, aprobaci\u00f3n y publicaci\u00f3n de la Reforma a la Ley General para la Prevenci\u00f3n y Gesti\u00f3n Integral de los Residuos que obliga a las empresas a publicar el volumen de las emisiones que producen a fin de tener un control adecuado de las mismas.&nbsp;&nbsp;<\/p>\n\n\n\n<p>As\u00ed mismo, en la aprobaci\u00f3n de la Ley de Ingresos, en la que propuso que las empresas comunales forestales no tuvieran el mismo r\u00e9gimen fiscal que cualquier empresa agropecuaria, como Maseca o leche Lala y que los integrantes de esas unidades econ\u00f3micas pudieran pertenecer a m\u00e1s de una empresa comunal.&nbsp;&nbsp;<\/p>\n\n\n\n<p>La reci\u00e9n publicada Ley General de Bibliotecas es otro de los logros que destac\u00f3, la cual tiene la finalidad de establecer nuevas responsabilidades institucionales para el fortalecimiento dichos recintos culturales.&nbsp;<\/p>\n\n\n\n<p>Finalmente, inform\u00f3 sobre la reforma al INDAUTOR para sacar de la condici\u00f3n del dominio p\u00fablico a todos los elementos de la cultura ind\u00edgena y comunitaria, equipararlos en protecci\u00f3n con obras literarias y art\u00edsticas, lo anterior, a fin de atender la ya conocida problem\u00e1tica del plagio por parte de dise\u00f1adores y empresas nacionales e internacionales.&nbsp;<\/p>\n\n\n\n<p>\u201cLos saberes tradicionales de los pueblos y comunidades ind\u00edgenas y afromexicanas constituyen un patrimonio colectivo que debe respetase como permanente, inalienable, imprescriptible e inembargable\u201d, sentenci\u00f3.&nbsp;&nbsp;<\/p>\n\n\n\n<p>En este sentido, anunci\u00f3 un sistema m\u00e1s robusto de legislaci\u00f3n que reconoce y protege la propiedad y titularidad colectiva del patrimonio para beneficio de los pueblos y las comunidades, aprobadas apenas est\u00e1 semana y en espera de la publicaci\u00f3n en el DOF, antes de concluir el mes de noviembre.&nbsp;<\/p>\n\n\n\n<p>Durante su informe la senadora estuvo acompa\u00f1ada del presidente de la Junta de Coordinaci\u00f3n Pol\u00edtica en el Senado, Ricardo Monreal, los senadores y senadoras Eduardo Ram\u00edrez Aguilar, Alejandro Armenta Mier, Mar\u00eda Celeste S\u00e1nchez Sugia, Nestora Salgado Garc\u00eda y Mar\u00eda Antonia C\u00e1rdenas Mariscal, as\u00ed como del dirigente nacional de Morena, Mario Delgado.  <\/p>\n","protected":false},"excerpt":{"rendered":"<p>Evlin Arag\u00f3n\/Zona Roja.&nbsp; Oaxaca de Ju\u00e1rez, Oax., 25 de septiembre de 2021.- Como parte de&hellip;<\/p>\n","protected":false},"author":2,"featured_media":32430,"comment_status":"closed","ping_status":"open","sticky":false,"template":"","format":"standard","meta":{"_lmt_disableupdate":"","_lmt_disable":"","_jetpack_memberships_contains_paid_content":false,"footnotes":""},"categories":[109,47],"tags":[1685],"class_list":["post-32431","post","type-post","status-publish","format-standard","has-post-thumbnail","hentry","category-minuto-a-minuto","category-zona-gris","tag-susana-harp-iturribarria"],"jetpack_featured_media_url":"https:\/\/zonaroja.com.mx\/wp-content\/uploads\/2021\/09\/img_3245.jpg","jetpack_sharing_enabled":true,"_links":{"self":[{"href":"https:\/\/zonaroja.com.mx\/index.php?rest_route=\/wp\/v2\/posts\/32431","targetHints":{"allow":["GET"]}}],"collection":[{"href":"https:\/\/zonaroja.com.mx\/index.php?rest_route=\/wp\/v2\/posts"}],"about":[{"href":"https:\/\/zonaroja.com.mx\/index.php?rest_route=\/wp\/v2\/types\/post"}],"author":[{"embeddable":true,"href":"https:\/\/zonaroja.com.mx\/index.php?rest_route=\/wp\/v2\/users\/2"}],"replies":[{"embeddable":true,"href":"https:\/\/zonaroja.com.mx\/index.php?rest_route=%2Fwp%2Fv2%2Fcomments&post=32431"}],"version-history":[{"count":1,"href":"https:\/\/zonaroja.com.mx\/index.php?rest_route=\/wp\/v2\/posts\/32431\/revisions"}],"predecessor-version":[{"id":32432,"href":"https:\/\/zonaroja.com.mx\/index.php?rest_route=\/wp\/v2\/posts\/32431\/revisions\/32432"}],"wp:featuredmedia":[{"embeddable":true,"href":"https:\/\/zonaroja.com.mx\/index.php?rest_route=\/wp\/v2\/media\/32430"}],"wp:attachment":[{"href":"https:\/\/zonaroja.com.mx\/index.php?rest_route=%2Fwp%2Fv2%2Fmedia&parent=32431"}],"wp:term":[{"taxonomy":"category","embeddable":true,"href":"https:\/\/zonaroja.com.mx\/index.php?rest_route=%2Fwp%2Fv2%2Fcategories&post=32431"},{"taxonomy":"post_tag","embeddable":true,"href":"https:\/\/zonaroja.com.mx\/index.php?rest_route=%2Fwp%2Fv2%2Ftags&post=32431"}],"curies":[{"name":"wp","href":"https:\/\/api.w.org\/{rel}","templated":true}]}}