{"id":32433,"date":"2021-09-25T15:00:34","date_gmt":"2021-09-25T20:00:34","guid":{"rendered":"http:\/\/www.zonaroja.com.mx\/?p=32433"},"modified":"2021-09-25T16:50:33","modified_gmt":"2021-09-25T21:50:33","slug":"edf-asegura-que-suspension-en-oaxaca-no-impacta-a-gunaa-sicaru","status":"publish","type":"post","link":"https:\/\/zonaroja.com.mx\/?p=32433","title":{"rendered":"EDF asegura que suspensi\u00f3n en Oaxaca no impacta a Gunaa Sicar\u00fa"},"content":{"rendered":"\n<p>La compa\u00f1\u00eda \u00c9lectricit\u00e9 de France (EDF) asegur\u00f3 que la suspensi\u00f3n obtenida por parte de la Comunidad Agraria de Juchit\u00e1n, Oaxaca no impacta en el desarrollo de la Central E\u00f3lica Gunaa Sicar\u00fa, pues el proyecto se plantea en propiedad privada.<\/p>\n\n\n\n<p>Asimismo, de acuerdo con un vocero de la compa\u00f1\u00eda, el Registro Nacional Agrario confirm\u00f3 en su momento que ning\u00fan ejido o tierra comunal se ver\u00eda afectado por la central.<\/p>\n\n\n\n<p>Del mismo modo, indic\u00f3 que EDF ha participado en las Asambleas Comunitarias Informativas correspondientes. Adem\u00e1s, indic\u00f3 que han presentado informaci\u00f3n de manera exhaustiva en espa\u00f1ol y zapoteco.<\/p>\n\n\n\n<p>A la par, resalt\u00f3 que han colaborado con la Secretar\u00eda de Energ\u00eda (Sener) conforme al protocolo aprobado por las comunidades; y tomando en consideraci\u00f3n las restricciones por la pandemia de COVID-19.<\/p>\n\n\n\n<p>\u201cEn otros tres juicios de amparo en torno a Gunaa Sicar\u00fa, se ha confirmado mediante sentencias definitivas que los permisos y autorizaciones del proyecto cumplen con las leyes y la regulaci\u00f3n aplicable. El poder judicial ha ordenado continuar con el proceso de consulta de ind\u00edgena\u201d, afirm\u00f3 la empresa.<\/p>\n\n\n\n<p>Por otro lado, la compa\u00f1\u00eda reiter\u00f3 que el consentimiento de las comunidades locales; a trav\u00e9s de la consulta ind\u00edgena es indispensable para la construcci\u00f3n del parque e\u00f3lico. En ese sentido, explic\u00f3 que ya se llevaron a cabo las primeras dos fases de consulta; actualmente se lleva a cabo la fase deliberativa al interior de las comunidades.<\/p>\n\n\n\n<p>\u201cUna vez que \u00e9stas concluyan, y cuando las condiciones sanitarias lo permitan, se pasar\u00e1 a las \u00faltimas dos, consultiva y de ejecuci\u00f3n y seguimiento de acuerdos\u201d, apunt\u00f3.<\/p>\n\n\n\n<p>Esta semana, en conferencia de prensa, la Asamblea de Pueblos Ind\u00edgenas del Istmo en Defensa de la Tierra y el Territorio (APIIDTT) anunci\u00f3 que la Comunidad Agraria de Juchit\u00e1n hab\u00eda ganado una suspensi\u00f3n en contra del parque e\u00f3lico Gunaa Sicar\u00fa.<\/p>\n\n\n\n<p>Adem\u00e1s, indicaron que las comunidades frecuentemente interponen recursos legales ligados a cuestiones ambientales y de salud; sin embargo, en esta ocasi\u00f3n se refiere a una afectaci\u00f3n sustantiva a la tierra y el territorio.<\/p>\n\n\n\n<p>Informaci\u00f3n del sitio \u00abEnerg\u00eda hoy\u00bb:<\/p>\n\n\n\n<figure class=\"wp-block-embed-wordpress wp-block-embed is-type-wp-embed is-provider-energia-hoy\"><div class=\"wp-block-embed__wrapper\">\n<blockquote class=\"wp-embedded-content\" data-secret=\"Uv9QMJbKIL\"><a href=\"https:\/\/energiahoy.com\/2021\/09\/24\/edf-asegura-que-suspension-en-oaxaca-no-impacta-a-gunaa-sicaru\/\">EDF asegura que suspensi\u00f3n en Oaxaca no impacta a Gunaa Sicar\u00fa<\/a><\/blockquote><iframe class=\"wp-embedded-content\" sandbox=\"allow-scripts\" security=\"restricted\" style=\"position: absolute; clip: rect(1px, 1px, 1px, 1px);\" title=\"&#8220;EDF asegura que suspensi\u00f3n en Oaxaca no impacta a Gunaa Sicar\u00fa&#8221; &#8212; Energ\u00eda Hoy\" src=\"https:\/\/energiahoy.com\/2021\/09\/24\/edf-asegura-que-suspension-en-oaxaca-no-impacta-a-gunaa-sicaru\/embed\/#?secret=Uv9QMJbKIL\" data-secret=\"Uv9QMJbKIL\" width=\"600\" height=\"338\" frameborder=\"0\" marginwidth=\"0\" marginheight=\"0\" scrolling=\"no\"><\/iframe>\n<\/div><\/figure>\n","protected":false},"excerpt":{"rendered":"<p>La compa\u00f1\u00eda \u00c9lectricit\u00e9 de France (EDF) asegur\u00f3 que la suspensi\u00f3n obtenida por parte de la&hellip;<\/p>\n","protected":false},"author":2,"featured_media":32434,"comment_status":"closed","ping_status":"open","sticky":false,"template":"","format":"standard","meta":{"_lmt_disableupdate":"","_lmt_disable":"","_jetpack_memberships_contains_paid_content":false,"footnotes":""},"categories":[109,46],"tags":[2100],"class_list":["post-32433","post","type-post","status-publish","format-standard","has-post-thumbnail","hentry","category-minuto-a-minuto","category-zona-blanca","tag-eolica-gunna-sicaru-union-hidalgo"],"jetpack_featured_media_url":"https:\/\/zonaroja.com.mx\/wp-content\/uploads\/2021\/09\/Parque-eolico-Istmo.jpg","jetpack_sharing_enabled":true,"_links":{"self":[{"href":"https:\/\/zonaroja.com.mx\/index.php?rest_route=\/wp\/v2\/posts\/32433","targetHints":{"allow":["GET"]}}],"collection":[{"href":"https:\/\/zonaroja.com.mx\/index.php?rest_route=\/wp\/v2\/posts"}],"about":[{"href":"https:\/\/zonaroja.com.mx\/index.php?rest_route=\/wp\/v2\/types\/post"}],"author":[{"embeddable":true,"href":"https:\/\/zonaroja.com.mx\/index.php?rest_route=\/wp\/v2\/users\/2"}],"replies":[{"embeddable":true,"href":"https:\/\/zonaroja.com.mx\/index.php?rest_route=%2Fwp%2Fv2%2Fcomments&post=32433"}],"version-history":[{"count":2,"href":"https:\/\/zonaroja.com.mx\/index.php?rest_route=\/wp\/v2\/posts\/32433\/revisions"}],"predecessor-version":[{"id":32436,"href":"https:\/\/zonaroja.com.mx\/index.php?rest_route=\/wp\/v2\/posts\/32433\/revisions\/32436"}],"wp:featuredmedia":[{"embeddable":true,"href":"https:\/\/zonaroja.com.mx\/index.php?rest_route=\/wp\/v2\/media\/32434"}],"wp:attachment":[{"href":"https:\/\/zonaroja.com.mx\/index.php?rest_route=%2Fwp%2Fv2%2Fmedia&parent=32433"}],"wp:term":[{"taxonomy":"category","embeddable":true,"href":"https:\/\/zonaroja.com.mx\/index.php?rest_route=%2Fwp%2Fv2%2Fcategories&post=32433"},{"taxonomy":"post_tag","embeddable":true,"href":"https:\/\/zonaroja.com.mx\/index.php?rest_route=%2Fwp%2Fv2%2Ftags&post=32433"}],"curies":[{"name":"wp","href":"https:\/\/api.w.org\/{rel}","templated":true}]}}