{"id":32437,"date":"2021-09-25T17:15:53","date_gmt":"2021-09-25T22:15:53","guid":{"rendered":"http:\/\/www.zonaroja.com.mx\/?p=32437"},"modified":"2021-09-25T17:15:56","modified_gmt":"2021-09-25T22:15:56","slug":"por-invadir-territorio-norteamericano-detienen-a-soldados-mexicanos","status":"publish","type":"post","link":"https:\/\/zonaroja.com.mx\/?p=32437","title":{"rendered":"Por invadir territorio norteamericano, detienen a soldados mexicanos"},"content":{"rendered":"\n<p>Redacci\u00f3n\/Zona Roja Cdmx.<\/p>\n\n\n\n<p>Ciudad de M\u00e9xico, 25 de septiembre de 2021.- Por invadir territorio de los Estados Unidos de Norteam\u00e9rica, siete militares de la Secretar\u00eda de la Defensa Nacional (Sedena) de M\u00e9xico fueron detenidos este s\u00e1bado.<\/p>\n\n\n\n<p>Durante la madrugada, los soldados se trasladaban en dos unidades oficiales e intentaron cruzar el Puente Internacional C\u00f3rdoba de las Am\u00e9ricas; sin embargo, fueron detenidos en el punto fronterizo, entre Ciudad Ju\u00e1rez, Chihuahua, y El Paso, Texas.<\/p>\n\n\n\n<p>Fueron agentes de Aduanas y Protecci\u00f3n Fronteriza quienes los detuvieron por invadir territorio de los Estados Unidos y en posesi\u00f3n de armas de grueso calibre, no registrados en la naci\u00f3n norteamericana.<\/p>\n\n\n\n<p>Los militares estuvieron cerca de dos horas en las garitas del Puente Internacional C\u00f3rdoba de las Am\u00e9ricas, donde fueron esposados, escoltados y resguardados. Agentes fronterizos, les iniciaron un proceso de ingreso, por tratar de ingresar de forma ilegal al pa\u00eds vecino<\/p>\n\n\n\n<p>Les tomaron datos, fotograf\u00edas y huellas digitales. Mientras que otros agentes, revisaban y verificaban las armas que ten\u00edan en su poder.<\/p>\n\n\n\n<p>Despu\u00e9s por acuerdos y pl\u00e1ticas entre autoridades de ambos pa\u00edses, los militares, junto con su equipo t\u00e1ctico, armamentos y veh\u00edculos, fueron entregados a sus superiores a mitad del Puente Internacional C\u00f3rdoba las Am\u00e9ricas en la frontera entre Ciudad Ju\u00e1rez y El Paso, Texas.<\/p>\n","protected":false},"excerpt":{"rendered":"<p>Redacci\u00f3n\/Zona Roja Cdmx. Ciudad de M\u00e9xico, 25 de septiembre de 2021.- Por invadir territorio de&hellip;<\/p>\n","protected":false},"author":2,"featured_media":32438,"comment_status":"closed","ping_status":"open","sticky":false,"template":"","format":"standard","meta":{"_lmt_disableupdate":"","_lmt_disable":"","_jetpack_memberships_contains_paid_content":false,"footnotes":""},"categories":[109,47],"tags":[725],"class_list":["post-32437","post","type-post","status-publish","format-standard","has-post-thumbnail","hentry","category-minuto-a-minuto","category-zona-gris","tag-secretaria-de-la-defensa-nacional-sedena"],"jetpack_featured_media_url":"https:\/\/zonaroja.com.mx\/wp-content\/uploads\/2021\/09\/Militares-detenidos-en-EU.png","jetpack_sharing_enabled":true,"_links":{"self":[{"href":"https:\/\/zonaroja.com.mx\/index.php?rest_route=\/wp\/v2\/posts\/32437","targetHints":{"allow":["GET"]}}],"collection":[{"href":"https:\/\/zonaroja.com.mx\/index.php?rest_route=\/wp\/v2\/posts"}],"about":[{"href":"https:\/\/zonaroja.com.mx\/index.php?rest_route=\/wp\/v2\/types\/post"}],"author":[{"embeddable":true,"href":"https:\/\/zonaroja.com.mx\/index.php?rest_route=\/wp\/v2\/users\/2"}],"replies":[{"embeddable":true,"href":"https:\/\/zonaroja.com.mx\/index.php?rest_route=%2Fwp%2Fv2%2Fcomments&post=32437"}],"version-history":[{"count":1,"href":"https:\/\/zonaroja.com.mx\/index.php?rest_route=\/wp\/v2\/posts\/32437\/revisions"}],"predecessor-version":[{"id":32439,"href":"https:\/\/zonaroja.com.mx\/index.php?rest_route=\/wp\/v2\/posts\/32437\/revisions\/32439"}],"wp:featuredmedia":[{"embeddable":true,"href":"https:\/\/zonaroja.com.mx\/index.php?rest_route=\/wp\/v2\/media\/32438"}],"wp:attachment":[{"href":"https:\/\/zonaroja.com.mx\/index.php?rest_route=%2Fwp%2Fv2%2Fmedia&parent=32437"}],"wp:term":[{"taxonomy":"category","embeddable":true,"href":"https:\/\/zonaroja.com.mx\/index.php?rest_route=%2Fwp%2Fv2%2Fcategories&post=32437"},{"taxonomy":"post_tag","embeddable":true,"href":"https:\/\/zonaroja.com.mx\/index.php?rest_route=%2Fwp%2Fv2%2Ftags&post=32437"}],"curies":[{"name":"wp","href":"https:\/\/api.w.org\/{rel}","templated":true}]}}