{"id":32440,"date":"2021-09-25T17:31:46","date_gmt":"2021-09-25T22:31:46","guid":{"rendered":"http:\/\/www.zonaroja.com.mx\/?p=32440"},"modified":"2021-09-25T17:31:50","modified_gmt":"2021-09-25T22:31:50","slug":"alertan-por-probables-agresiones-a-defensores-en-ayutla-mixe","status":"publish","type":"post","link":"https:\/\/zonaroja.com.mx\/?p=32440","title":{"rendered":"Alertan por probables agresiones a defensores en Ayutla Mixe"},"content":{"rendered":"\n<p>Redacci\u00f3n\/Zona Roja.<\/p>\n\n\n\n<p>Oaxaca de Ju\u00e1rez, Oax., 25 de septiembre de 2021.- Organismos de la sociedad civil alertaron de un posible ataque este s\u00e1bado en contra de defensores de los derechos en San Pedro y San Pablo Ayutla Mixe, en el marco de una asamblea comunitaria que se realiza.<\/p>\n\n\n\n<p>Ello porque consideran que la defensa que ha hecho un grupo de comuneros del manantial y de sus tierras \u201cha provocado se\u00f1alamientos y criminalizaci\u00f3n por parte de autoridades municipales y estatales, as\u00ed como ataques, amenazas y hostigamiento en redes sociales en contra de las personas defensoras en la comunidad\u201d.<\/p>\n\n\n\n<p>Expusieron que tras los acuerdos entre Ayutla y Tamazul\u00e1pam del Esp\u00edritu Santo, que aseguran violan sus derechos como posesionarios de tierras que han mantenido por generaciones, \u201cse han presentado varios se\u00f1alamientos contra personas defensoras, mismos que se han intensificado a ra\u00edz del incendio de una camioneta propiedad del presidente municipal de Ayutla\u201d.<\/p>\n\n\n\n<p>En un comunicado firmado por la \u201cRed Todos los Derechos para Todas y Todos\u201d, indicaron que resulta preocupante que estos discursos sean empleados para atacar de manera directa al Colectivo de Mujeres de Ayutla, \u201cllegando al grado de particularizar y responsabilizarles de la comisi\u00f3n de esos hechos.<\/p>\n\n\n\n<p>\u201cLo cual constituye violencia de g\u00e9nero que tiende a desacreditar la labor de defensa que realizan las mujeres en la regi\u00f3n, adem\u00e1s de estigmatizar e incitar al odio invisibilizando el problema de fondo: la lucha por el agua, y ahora, por la tierra en Ayutla.<\/p>\n\n\n\n<p>Informaron que este s\u00e1bado 25 de septiembre, la presidencia municipal de Ayutla ha convocado en la comunidad a una nueva asamblea con la intenci\u00f3n de determinar las acciones a seguir contra los responsables del incendio.<\/p>\n\n\n\n<p>Por ello, demandaron a todas las autoridades en sus diferentes niveles, garantizar a las mujeres defensoras las condiciones necesarias para el ejercicio pleno y seguro de su derecho a defender derechos y evitar la descalificaci\u00f3n de las denuncias, la criminalizaci\u00f3n o represalias en su contra.<\/p>\n\n\n\n<p>A las autoridad estatal y municipal, el respeto irrestricto de la vida e integridad f\u00edsica y psicol\u00f3gica de las personas defensoras de Ayutla Mixe, as\u00ed como evitar cualquier acto represivo en contra de ellos en el ejercicio de defensa de sus derechos.<\/p>\n\n\n\n<p>A los organismos de derechos humanos local y federal, que personal de estas instituciones se apersone en el lugar de los hechos para documentar y dar seguimiento a las quejas abiertas por violaciones a derechos humanos.<\/p>\n\n\n\n<p>\u201cRecordamos que anteriormente hemos denunciado esta misma situaci\u00f3n, por lo que pedimos una soluci\u00f3n urgente y de fondo que garantice el pleno respeto a los derechos humanos de las personas defensoras del agua, la tierra y el territorio en Ayutla, Oaxaca\u201d, manifestaron.&nbsp;<\/p>\n","protected":false},"excerpt":{"rendered":"<p>Redacci\u00f3n\/Zona Roja. Oaxaca de Ju\u00e1rez, Oax., 25 de septiembre de 2021.- Organismos de la sociedad&hellip;<\/p>\n","protected":false},"author":2,"featured_media":31616,"comment_status":"closed","ping_status":"open","sticky":false,"template":"","format":"standard","meta":{"_lmt_disableupdate":"","_lmt_disable":"","_jetpack_memberships_contains_paid_content":false,"footnotes":""},"categories":[109,47],"tags":[501],"class_list":["post-32440","post","type-post","status-publish","format-standard","has-post-thumbnail","hentry","category-minuto-a-minuto","category-zona-gris","tag-san-pedro-y-san-pablo-ayutla-mixe"],"jetpack_featured_media_url":"https:\/\/zonaroja.com.mx\/wp-content\/uploads\/2021\/09\/Manantial-Ayutla-Mixe.jpeg","jetpack_sharing_enabled":true,"_links":{"self":[{"href":"https:\/\/zonaroja.com.mx\/index.php?rest_route=\/wp\/v2\/posts\/32440","targetHints":{"allow":["GET"]}}],"collection":[{"href":"https:\/\/zonaroja.com.mx\/index.php?rest_route=\/wp\/v2\/posts"}],"about":[{"href":"https:\/\/zonaroja.com.mx\/index.php?rest_route=\/wp\/v2\/types\/post"}],"author":[{"embeddable":true,"href":"https:\/\/zonaroja.com.mx\/index.php?rest_route=\/wp\/v2\/users\/2"}],"replies":[{"embeddable":true,"href":"https:\/\/zonaroja.com.mx\/index.php?rest_route=%2Fwp%2Fv2%2Fcomments&post=32440"}],"version-history":[{"count":1,"href":"https:\/\/zonaroja.com.mx\/index.php?rest_route=\/wp\/v2\/posts\/32440\/revisions"}],"predecessor-version":[{"id":32441,"href":"https:\/\/zonaroja.com.mx\/index.php?rest_route=\/wp\/v2\/posts\/32440\/revisions\/32441"}],"wp:featuredmedia":[{"embeddable":true,"href":"https:\/\/zonaroja.com.mx\/index.php?rest_route=\/wp\/v2\/media\/31616"}],"wp:attachment":[{"href":"https:\/\/zonaroja.com.mx\/index.php?rest_route=%2Fwp%2Fv2%2Fmedia&parent=32440"}],"wp:term":[{"taxonomy":"category","embeddable":true,"href":"https:\/\/zonaroja.com.mx\/index.php?rest_route=%2Fwp%2Fv2%2Fcategories&post=32440"},{"taxonomy":"post_tag","embeddable":true,"href":"https:\/\/zonaroja.com.mx\/index.php?rest_route=%2Fwp%2Fv2%2Ftags&post=32440"}],"curies":[{"name":"wp","href":"https:\/\/api.w.org\/{rel}","templated":true}]}}