{"id":32445,"date":"2021-09-25T17:42:16","date_gmt":"2021-09-25T22:42:16","guid":{"rendered":"http:\/\/www.zonaroja.com.mx\/?p=32445"},"modified":"2021-09-25T17:42:19","modified_gmt":"2021-09-25T22:42:19","slug":"no-cesa-la-desaparicion-de-mujeres-en-oaxaca","status":"publish","type":"post","link":"https:\/\/zonaroja.com.mx\/?p=32445","title":{"rendered":"No cesa la desaparici\u00f3n de mujeres en Oaxaca"},"content":{"rendered":"\n<p>Evlin Arag\u00f3n\/Zona Roja.<\/p>\n\n\n\n<p>Oaxaca de Ju\u00e1rez, Oax., 25 de septiembre de 2021.- Esmeralda Mart\u00ednez Mart\u00ednez, de 18 a\u00f1os de edad, desapareci\u00f3 el pasado 21 de septiembre en inmediaciones de Loma Chilar, localidad perteneciente al municipio de Huautla de Jim\u00e9nez.&nbsp;<\/p>\n\n\n\n<p>La \u00faltima vez que fue vista por sus familiares, la joven vest\u00eda una sudadera color guinda, blusa color negro, pantal\u00f3n de mezclilla y tenis color negro, adem\u00e1s que portaba una mochila.<\/p>\n\n\n\n<p>Esmeralda es una de las m\u00e1s recientes mujeres desaparecidas en la entidad oaxaque\u00f1a, cuya ficha se encuentra activa en la p\u00e1gina oficial de la Unidad de B\u00fasqueda de Personas Desaparecidas y No Localizadas, dependiente de la Fiscal\u00eda General de Oaxaca.&nbsp;<\/p>\n\n\n\n<p>A la lista se une Linda Elizabeth Land\u00edn Romero, de 14 a\u00f1os, quien fue reportada como desaparecida desde el 16 de septiembre en inmediaciones de la colonia Ampliaci\u00f3n Volcanes, perteneciente a la capital oaxaque\u00f1a; de \u00faltima hora, este s\u00e1bado fue reportada como localizada.<\/p>\n\n\n\n<p>Alejandra Charbel Rubio Cruz, de 13 a\u00f1os, fue vista por \u00faltima vez el 10 de septiembre en Huajuapan de Le\u00f3n y desde entonces su familia no ha tenido noticias sobre su paradero, aunque denunci\u00f3 su desaparici\u00f3n ante las autoridades.&nbsp;<\/p>\n\n\n\n<p>Al igual que Janet Esperanza Pineda Aguilar, de 24 a\u00f1os, quien desapareci\u00f3 junto con su peque\u00f1a hija Leylani, de cinco a\u00f1os, quienes desaparecieron el pasado 3 de septiembre de 2021, en ciudad Ixtepec, en la regi\u00f3n del Istmo de Tehuantepec.&nbsp;<\/p>\n\n\n\n<p>A las desapariciones anteriores se unen las de Nilson Antoniel Garc\u00eda, de 27 a\u00f1os; Juan Andr\u00e9s M\u00e9ndez Hern\u00e1ndez, de 42 a\u00f1os, quienes fueron vistos por \u00faltima vez en Oaxaca de Ju\u00e1rez, Tlacolula de Matamoros.<\/p>\n\n\n\n<p>As\u00ed como Juli\u00e1n Fructuoso Santiago, de 18 a\u00f1os; y Alex Hern\u00e1ndez Cazares, de 22 a\u00f1os, ambos desaparecidos en el municipio de San Juan Bautista Tuxtepec.<\/p>\n\n\n\n<p>Tambi\u00e9n, Ra\u00fal Huerta Ventura, de 31 a\u00f1os; Agapito Rojas Arriaga, de 71 a\u00f1os; Miguel \u00c1ngel Mart\u00ednez Zarate, de 24 a\u00f1os; Alfonzo P\u00e9rez, de 67 a\u00f1os; Sergio Ram\u00edrez Rodr\u00edguez, de 22 a\u00f1os, desaparecidos en Salina Cruz, Huajuapan de Le\u00f3n, San Juan Bautista Tuxtepec, Miahuatl\u00e1n de Porfirio D\u00edaz, San Pablo Etla, respectivamente.<\/p>\n\n\n\n<p>Finalmente, en la lista de fichas activas se encuentra Fernli Frederid Ruiz Oca\u00f1a, de 29 a\u00f1os y Eleazin Zavala Molina, de 36 a\u00f1os, ambos desaparecidos en el municipio de Santo Domingo Zanatepec.&nbsp;<\/p>\n","protected":false},"excerpt":{"rendered":"<p>Evlin Arag\u00f3n\/Zona Roja. Oaxaca de Ju\u00e1rez, Oax., 25 de septiembre de 2021.- Esmeralda Mart\u00ednez Mart\u00ednez,&hellip;<\/p>\n","protected":false},"author":2,"featured_media":32446,"comment_status":"closed","ping_status":"open","sticky":false,"template":"","format":"standard","meta":{"_lmt_disableupdate":"","_lmt_disable":"","_jetpack_memberships_contains_paid_content":false,"footnotes":""},"categories":[109,47],"tags":[455],"class_list":["post-32445","post","type-post","status-publish","format-standard","has-post-thumbnail","hentry","category-minuto-a-minuto","category-zona-gris","tag-mujeres-desaparecidas-oaxaca"],"jetpack_featured_media_url":"https:\/\/zonaroja.com.mx\/wp-content\/uploads\/2021\/09\/Desaparecidas-Oaxaca-3.jpg","jetpack_sharing_enabled":true,"_links":{"self":[{"href":"https:\/\/zonaroja.com.mx\/index.php?rest_route=\/wp\/v2\/posts\/32445","targetHints":{"allow":["GET"]}}],"collection":[{"href":"https:\/\/zonaroja.com.mx\/index.php?rest_route=\/wp\/v2\/posts"}],"about":[{"href":"https:\/\/zonaroja.com.mx\/index.php?rest_route=\/wp\/v2\/types\/post"}],"author":[{"embeddable":true,"href":"https:\/\/zonaroja.com.mx\/index.php?rest_route=\/wp\/v2\/users\/2"}],"replies":[{"embeddable":true,"href":"https:\/\/zonaroja.com.mx\/index.php?rest_route=%2Fwp%2Fv2%2Fcomments&post=32445"}],"version-history":[{"count":1,"href":"https:\/\/zonaroja.com.mx\/index.php?rest_route=\/wp\/v2\/posts\/32445\/revisions"}],"predecessor-version":[{"id":32447,"href":"https:\/\/zonaroja.com.mx\/index.php?rest_route=\/wp\/v2\/posts\/32445\/revisions\/32447"}],"wp:featuredmedia":[{"embeddable":true,"href":"https:\/\/zonaroja.com.mx\/index.php?rest_route=\/wp\/v2\/media\/32446"}],"wp:attachment":[{"href":"https:\/\/zonaroja.com.mx\/index.php?rest_route=%2Fwp%2Fv2%2Fmedia&parent=32445"}],"wp:term":[{"taxonomy":"category","embeddable":true,"href":"https:\/\/zonaroja.com.mx\/index.php?rest_route=%2Fwp%2Fv2%2Fcategories&post=32445"},{"taxonomy":"post_tag","embeddable":true,"href":"https:\/\/zonaroja.com.mx\/index.php?rest_route=%2Fwp%2Fv2%2Ftags&post=32445"}],"curies":[{"name":"wp","href":"https:\/\/api.w.org\/{rel}","templated":true}]}}