{"id":32448,"date":"2021-09-26T09:14:30","date_gmt":"2021-09-26T14:14:30","guid":{"rendered":"http:\/\/www.zonaroja.com.mx\/?p=32448"},"modified":"2021-09-25T21:34:31","modified_gmt":"2021-09-26T02:34:31","slug":"kelly-jannet-y-su-lucha-por-el-reconocimiento-de-las-personas-con-talla-baja","status":"publish","type":"post","link":"https:\/\/zonaroja.com.mx\/?p=32448","title":{"rendered":"Kelly Jannet y su lucha por el reconocimiento de las personas con talla baja"},"content":{"rendered":"\n<p>Evlin Arag\u00f3n\/Zona Roja.<\/p>\n\n\n\n<p>Oaxaca de Ju\u00e1rez, Oax., 26 de septiembre de 2021.- Kelly Jannet Cabrera Gonz\u00e1lez es una joven originaria de El Espinal, un municipio perteneciente a la regi\u00f3n del Istmo de Tehuantepec, en donde habita toda su familia y en el cual a principios del pr\u00f3ximo a\u00f1o tomar\u00e1 protesta como s\u00edndica municipal.<\/p>\n\n\n\n<p>Su profesi\u00f3n de abogada le ha permitido colaborar en el Congreso de Oaxaca, durante la legislatura actual, y dise\u00f1ar la reforma el art\u00edculo segundo de la Ley de Derechos de las Personas con Discapacidad, misma que reconoce a las personas de talla baja como personas con discapacidad.&nbsp;<\/p>\n\n\n\n<p>Y es que Kelly Jannet, como muchas otras personas de talla baja, ha sido v\u00edctima de discriminaci\u00f3n por su condici\u00f3n f\u00edsica derivada de un padecimiento con el naci\u00f3 denominado acondroplasia, enfermedad gen\u00e9tica que le permiti\u00f3 el desarrollo de los huesos de sus pies y manos.&nbsp;<\/p>\n\n\n\n<p>De ah\u00ed que, a su ingreso al Congreso local, como asesora del diputado P\u00e1vel Mel\u00e9ndez Cruz, ten\u00eda clara su encomienda personal y de respaldo a sus amigos entra\u00f1ables de talla baja a quienes agradeci\u00f3 la confianza mostrada en todo momento.&nbsp;<\/p>\n\n\n\n<p>\u201cEl d\u00eda de hoy estamos muy felices, la comunidad de talla baja del estado de Oaxaca, porque a partir de un trabajo en conjunto hoy es una realidad el reconocimiento jur\u00eddico en la Ley de Derechos para Personas con Discapacidad del trastorno de talla y peso\u201d, dijo el pasado mi\u00e9rcoles, en el marco de la aprobaci\u00f3n de la reforma.<\/p>\n\n\n\n<p>Lo anterior, detall\u00f3, obliga al gobierno de Oaxaca a trabajar en pol\u00edticas p\u00fablicas, programas y proyectos encaminados a la atenci\u00f3n de este grupo vulnerable que hab\u00eda sido invisibilizado durante mucho tiempo.\u00a0<\/p>\n\n\n\n<figure class=\"wp-block-embed-twitter wp-block-embed is-type-rich is-provider-twitter\"><div class=\"wp-block-embed__wrapper\">\n<div class=\"twitter-tweet\"><blockquote class=\"twitter-tweet\" data-lang=\"es\"><p lang=\"es\" dir=\"ltr\">\ud83d\udc4f\ud83d\udc4f\ud83d\udc4f\ud83d\udc4f\ud83d\udc4f<br>En pleno del <a href=\"https:\/\/twitter.com\/CongresoOaxLXIV?ref_src=twsrc%5Etfw\">@CongresoOaxLXIV<\/a> aprob\u00f3 hoy una reforma para reconocer plenamente a las personas de talla baja, que eran discriminadas en <a href=\"https:\/\/twitter.com\/hashtag\/Oaxaca?src=hash&amp;ref_src=twsrc%5Etfw\">#Oaxaca<\/a>. <br>Un grupo de ellos acudi\u00f3 este mi\u00e9rcoles a la sesi\u00f3n y agradeci\u00f3 el respaldo legislativo. <a href=\"https:\/\/t.co\/k7lVB5oG6J\">pic.twitter.com\/k7lVB5oG6J<\/a><\/p>&mdash; Zona Roja Oaxaca (@Zona_Roja_Oax) <a href=\"https:\/\/twitter.com\/Zona_Roja_Oax\/status\/1440808036826714114?ref_src=twsrc%5Etfw\">22 de septiembre de 2021<\/a><\/blockquote><\/div>\n<\/div><\/figure>\n\n\n\n<p>\u201cYa era hora de que fu\u00e9ramos visibilizados y el d\u00eda de hoy es una realidad\u201d, sentenci\u00f3 con mucho orgullo en una entrevista en la sede del Congreso, tras la aprobaci\u00f3n legislativa.<\/p>\n\n\n\n<p>UN GRAN PASO<\/p>\n\n\n\n<p>Lo anterior tambi\u00e9n lo public\u00f3 en sus redes sociales, donde la joven istme\u00f1a detall\u00f3 que se trata de un gran paso para la comunidad de talla baja, aunque reconoci\u00f3 que a\u00fan falta mucho por hacer para erradicar la discriminaci\u00f3n hacia las personas con una condici\u00f3n f\u00edsica similar a que ella padece.&nbsp;<\/p>\n\n\n\n<p>Con la reciente reforma, Oaxaca se convierte en el d\u00e9cimo estado que incluye a la talla baja en el esquema de discapacidad, lo cual traer\u00eda consigo mayores oportunidades laborales para dicha poblaci\u00f3n, les brinda protecci\u00f3n jur\u00eddica, as\u00ed como el acceso a los apoyos federales y estatales para dicha condici\u00f3n.&nbsp;&nbsp;<\/p>\n\n\n\n<p>Fue el pasado mi\u00e9rcoles 22 de septiembre que, con 33 votos a favor, el Congreso local aprob\u00f3 el dictamen mediante el cual se reform\u00f3 el art\u00edculo segundo de la Ley de Derechos de las Personas con Discapacidad del estado de Oaxaca reconociendo a la comunidad de talla baja como personas con discapacidad.&nbsp;&nbsp;<\/p>\n\n\n\n<p>A nivel nacional desde el 2014, el Congreso de la Uni\u00f3n decret\u00f3 el 25 de octubre como el \u201cD\u00eda Nacional de las personas de talla baja\u201d y dejar as\u00ed de usar el t\u00e9rmino \u201cenano o enana\u201d, sin embargo, a\u00fan existe una brecha y un rezago enorme para las personas con esta discapacidad.<\/p>\n","protected":false},"excerpt":{"rendered":"<p>Evlin Arag\u00f3n\/Zona Roja. Oaxaca de Ju\u00e1rez, Oax., 26 de septiembre de 2021.- Kelly Jannet Cabrera&hellip;<\/p>\n","protected":false},"author":2,"featured_media":32449,"comment_status":"closed","ping_status":"open","sticky":false,"template":"","format":"standard","meta":{"_lmt_disableupdate":"","_lmt_disable":"","_jetpack_memberships_contains_paid_content":false,"footnotes":""},"categories":[109,46],"tags":[213],"class_list":["post-32448","post","type-post","status-publish","format-standard","has-post-thumbnail","hentry","category-minuto-a-minuto","category-zona-blanca","tag-64-legislatura-de-oaxaca"],"jetpack_featured_media_url":"https:\/\/zonaroja.com.mx\/wp-content\/uploads\/2021\/09\/Kelly-personas-de-talla-baja.jpg","jetpack_sharing_enabled":true,"_links":{"self":[{"href":"https:\/\/zonaroja.com.mx\/index.php?rest_route=\/wp\/v2\/posts\/32448","targetHints":{"allow":["GET"]}}],"collection":[{"href":"https:\/\/zonaroja.com.mx\/index.php?rest_route=\/wp\/v2\/posts"}],"about":[{"href":"https:\/\/zonaroja.com.mx\/index.php?rest_route=\/wp\/v2\/types\/post"}],"author":[{"embeddable":true,"href":"https:\/\/zonaroja.com.mx\/index.php?rest_route=\/wp\/v2\/users\/2"}],"replies":[{"embeddable":true,"href":"https:\/\/zonaroja.com.mx\/index.php?rest_route=%2Fwp%2Fv2%2Fcomments&post=32448"}],"version-history":[{"count":1,"href":"https:\/\/zonaroja.com.mx\/index.php?rest_route=\/wp\/v2\/posts\/32448\/revisions"}],"predecessor-version":[{"id":32450,"href":"https:\/\/zonaroja.com.mx\/index.php?rest_route=\/wp\/v2\/posts\/32448\/revisions\/32450"}],"wp:featuredmedia":[{"embeddable":true,"href":"https:\/\/zonaroja.com.mx\/index.php?rest_route=\/wp\/v2\/media\/32449"}],"wp:attachment":[{"href":"https:\/\/zonaroja.com.mx\/index.php?rest_route=%2Fwp%2Fv2%2Fmedia&parent=32448"}],"wp:term":[{"taxonomy":"category","embeddable":true,"href":"https:\/\/zonaroja.com.mx\/index.php?rest_route=%2Fwp%2Fv2%2Fcategories&post=32448"},{"taxonomy":"post_tag","embeddable":true,"href":"https:\/\/zonaroja.com.mx\/index.php?rest_route=%2Fwp%2Fv2%2Ftags&post=32448"}],"curies":[{"name":"wp","href":"https:\/\/api.w.org\/{rel}","templated":true}]}}